{"id":603600,"date":"2025-12-16T19:29:18","date_gmt":"2025-12-16T19:29:18","guid":{"rendered":"https:\/\/www.europesays.com\/fr\/603600\/"},"modified":"2025-12-16T19:29:18","modified_gmt":"2025-12-16T19:29:18","slug":"grenoble-simba-elsa-aladdin-mulan-peter-pan-pocahontas-au-summum","status":"publish","type":"post","link":"https:\/\/www.europesays.com\/fr\/603600\/","title":{"rendered":"Grenoble. Simba, Elsa, Aladdin, Mulan, Peter Pan, Pocahontas\u2026 au Summum"},"content":{"rendered":"<p>Sur sc\u00e8ne, un orchestre symphonique, accompagn\u00e9 de chanteurs et de danseurs, offre une immersion totale dans la magie de Disney. Les musiques inoubliables, compos\u00e9es par de grands talents du cin\u00e9ma, prennent vie sur sc\u00e8ne, tandis que des extraits des films embl\u00e9matiques sont projet\u00e9s sur \u00e9cran g\u00e9ant HD. Chaque morceau emm\u00e8ne le spectateur dans un nouveau monde, pr\u00eat \u00e0 s\u2019envoler pour le pays imaginaire avec Peter Pan, \u00e0 s\u2019aventurer vers l\u2019Orient aux c\u00f4t\u00e9s de Mulan ou \u00e0 danser sur des airs latino avec Mirabel. Les spectateurs pourront retrouver Simba, Elsa, Aladdin, Mulan, Peter Pan, Pocahontas et bien d\u2019autres au c\u0153ur de leurs aventures.<\/p>\n<p class=\"note\">Samedi 20\u00a0d\u00e9cembre \u00e0 20 heures au Summum. De 39 \u00e0 78\u00a0\u20ac.<\/p>\n","protected":false},"excerpt":{"rendered":"Sur sc\u00e8ne, un orchestre symphonique, accompagn\u00e9 de chanteurs et de danseurs, offre une immersion totale dans la magie&hellip;\n","protected":false},"author":2,"featured_media":603601,"comment_status":"","ping_status":"","sticky":false,"template":"","format":"standard","meta":{"footnotes":""},"categories":[9566],"tags":[1111,11,2430,1687,112,1777,674,1011,27,2731,2732,108,12,25,3140],"class_list":{"0":"post-603600","1":"post","2":"type-post","3":"status-publish","4":"format-standard","5":"has-post-thumbnail","7":"category-grenoble","8":"tag-actu","9":"tag-actualites","10":"tag-auvergne-rhone-alpes","11":"tag-culture-loisirs","12":"tag-edition-grenoble-agglomeration","13":"tag-eu","14":"tag-europe","15":"tag-fr","16":"tag-france","17":"tag-grenoble","18":"tag-grenoble-bassin","19":"tag-isere","20":"tag-news","21":"tag-republique-francaise","22":"tag-spectacle"},"share_on_mastodon":{"url":"https:\/\/pubeurope.com\/@fr\/115730904768282157","error":""},"_links":{"self":[{"href":"https:\/\/www.europesays.com\/fr\/wp-json\/wp\/v2\/posts\/603600","targetHints":{"allow":["GET"]}}],"collection":[{"href":"https:\/\/www.europesays.com\/fr\/wp-json\/wp\/v2\/posts"}],"about":[{"href":"https:\/\/www.europesays.com\/fr\/wp-json\/wp\/v2\/types\/post"}],"author":[{"embeddable":true,"href":"https:\/\/www.europesays.com\/fr\/wp-json\/wp\/v2\/users\/2"}],"replies":[{"embeddable":true,"href":"https:\/\/www.europesays.com\/fr\/wp-json\/wp\/v2\/comments?post=603600"}],"version-history":[{"count":0,"href":"https:\/\/www.europesays.com\/fr\/wp-json\/wp\/v2\/posts\/603600\/revisions"}],"wp:featuredmedia":[{"embeddable":true,"href":"https:\/\/www.europesays.com\/fr\/wp-json\/wp\/v2\/media\/603601"}],"wp:attachment":[{"href":"https:\/\/www.europesays.com\/fr\/wp-json\/wp\/v2\/media?parent=603600"}],"wp:term":[{"taxonomy":"category","embeddable":true,"href":"https:\/\/www.europesays.com\/fr\/wp-json\/wp\/v2\/categories?post=603600"},{"taxonomy":"post_tag","embeddable":true,"href":"https:\/\/www.europesays.com\/fr\/wp-json\/wp\/v2\/tags?post=603600"}],"curies":[{"name":"wp","href":"https:\/\/api.w.org\/{rel}","templated":true}]}}