{"id":603606,"date":"2025-12-16T19:32:12","date_gmt":"2025-12-16T19:32:12","guid":{"rendered":"https:\/\/www.europesays.com\/fr\/603606\/"},"modified":"2025-12-16T19:32:12","modified_gmt":"2025-12-16T19:32:12","slug":"lingolsheim-il-menace-sa-victime-avec-une-kalachnikov-factice-pour-lui-voler-son-telephone","status":"publish","type":"post","link":"https:\/\/www.europesays.com\/fr\/603606\/","title":{"rendered":"Lingolsheim. Il menace sa victime avec une kalachnikov factice pour lui voler son t\u00e9l\u00e9phone"},"content":{"rendered":"<p>Dimanche 14\u00a0d\u00e9cembre dans l\u2019apr\u00e8s-midi, un jeune homme de 18 ans a \u00e9t\u00e9 interpell\u00e9 par les policiers de la brigade anticriminalit\u00e9 \u00e0 Lingolsheim, en possession d\u2019une fausse kalachnikov. Cette r\u00e9plique de fusil d\u2019assaut, qu\u2019il exhibait, a inqui\u00e9t\u00e9 des habitants qui ont pr\u00e9venu les forces de l\u2019ordre.<\/p>\n<p>L\u2019enqu\u00eate a permis d\u2019\u00e9tablir que le mis en cause s\u2019\u00e9tait servi de l\u2019arme factice, la veille, pour intimider une personne afin de lui extorquer son t\u00e9l\u00e9phone portable.<\/p>\n<p>\u00c0 l\u2019issue de sa garde \u00e0 vue, il a \u00e9t\u00e9 d\u00e9f\u00e9r\u00e9 devant la justice en vue d\u2019\u00eatre jug\u00e9 en comparution imm\u00e9diate.<\/p>\n","protected":false},"excerpt":{"rendered":"Dimanche 14\u00a0d\u00e9cembre dans l\u2019apr\u00e8s-midi, un jeune homme de 18 ans a \u00e9t\u00e9 interpell\u00e9 par les policiers de la&hellip;\n","protected":false},"author":2,"featured_media":603607,"comment_status":"","ping_status":"","sticky":false,"template":"","format":"standard","meta":{"footnotes":""},"categories":[2820],"tags":[1111,11,271,272,2880,1777,674,274,107,1011,27,775,24067,12,25,640,3089],"class_list":{"0":"post-603606","1":"post","2":"type-post","3":"status-publish","4":"format-standard","5":"has-post-thumbnail","7":"category-strasbourg","8":"tag-actu","9":"tag-actualites","10":"tag-crime","11":"tag-delit-et-contravention","12":"tag-edition-strasbourg","13":"tag-eu","14":"tag-europe","15":"tag-faits-divers-justice","16":"tag-fil-info","17":"tag-fr","18":"tag-france","19":"tag-grand-est","20":"tag-lingolsheim","21":"tag-news","22":"tag-republique-francaise","23":"tag-strasbourg","24":"tag-strasbourg-sud"},"share_on_mastodon":{"url":"https:\/\/pubeurope.com\/@fr\/115730916577427830","error":""},"_links":{"self":[{"href":"https:\/\/www.europesays.com\/fr\/wp-json\/wp\/v2\/posts\/603606","targetHints":{"allow":["GET"]}}],"collection":[{"href":"https:\/\/www.europesays.com\/fr\/wp-json\/wp\/v2\/posts"}],"about":[{"href":"https:\/\/www.europesays.com\/fr\/wp-json\/wp\/v2\/types\/post"}],"author":[{"embeddable":true,"href":"https:\/\/www.europesays.com\/fr\/wp-json\/wp\/v2\/users\/2"}],"replies":[{"embeddable":true,"href":"https:\/\/www.europesays.com\/fr\/wp-json\/wp\/v2\/comments?post=603606"}],"version-history":[{"count":0,"href":"https:\/\/www.europesays.com\/fr\/wp-json\/wp\/v2\/posts\/603606\/revisions"}],"wp:featuredmedia":[{"embeddable":true,"href":"https:\/\/www.europesays.com\/fr\/wp-json\/wp\/v2\/media\/603607"}],"wp:attachment":[{"href":"https:\/\/www.europesays.com\/fr\/wp-json\/wp\/v2\/media?parent=603606"}],"wp:term":[{"taxonomy":"category","embeddable":true,"href":"https:\/\/www.europesays.com\/fr\/wp-json\/wp\/v2\/categories?post=603606"},{"taxonomy":"post_tag","embeddable":true,"href":"https:\/\/www.europesays.com\/fr\/wp-json\/wp\/v2\/tags?post=603606"}],"curies":[{"name":"wp","href":"https:\/\/api.w.org\/{rel}","templated":true}]}}