{"id":603615,"date":"2025-12-16T19:37:18","date_gmt":"2025-12-16T19:37:18","guid":{"rendered":"https:\/\/www.europesays.com\/fr\/603615\/"},"modified":"2025-12-16T19:37:18","modified_gmt":"2025-12-16T19:37:18","slug":"13-milliard-deuros-de-travaux-260-000-m%c2%b2-treize-batiments-1-527-lits-les-chiffres-du-chantier-hors-norme-du-futur-chu-de-nantes","status":"publish","type":"post","link":"https:\/\/www.europesays.com\/fr\/603615\/","title":{"rendered":"1,3\u00a0milliard d\u2019euros de travaux, 260\u00a0000\u00a0m\u00b2, treize b\u00e2timents, 1\u00a0527 lits\u2026 Les chiffres du chantier hors norme du futur CHU de Nantes"},"content":{"rendered":"<p>Les premiers coups de pioches ont \u00e9t\u00e9 donn\u00e9s en 2022. La fin des travaux, dont le co\u00fbt s\u2019\u00e9l\u00e8ve \u00e0 1,3 milliard d\u2019euros, est pr\u00e9vue dans un an. Ensuite, il faudra \u00e9quiper les b\u00e2timents et faire tourner \u00e0 blanc l\u2019\u00e9quipement pour que, le jour de la livraison, pr\u00e9vue fin 2027, il puisse accueillir les premiers patients, dans les conditions optimales.<\/p>\n<p>Plus de 1\u00a0000 personnes s\u2019activent quotidiennement sur le chantier, o\u00f9 on comptait une quinzaine de grues au plus fort de l\u2019activit\u00e9.<\/p>\n<p>\u00c0 l\u2019heure actuelle, les treize b\u00e2timents qui le composeront &#8211; dont un vaste p\u00f4le m\u00e8res-enfants &#8211; sont tous sortis de terre. Ils sont tous couverts et en voie de finition. \u00c0 terme, 7\u00a0500 personnes travailleront sur le site\u00a0: personnel m\u00e9dical et administratif.<\/p>\n<p>Au total, 260\u00a0000 m\u00b2 seront am\u00e9nag\u00e9s. Le futur h\u00f4pital comptera 1\u00a0527 lits et places en ambulatoire. 90\u00a0% des chambres seront des chambres seules.<\/p>\n<p>Fini les salles d\u2019attente impersonnelles. Les patients des services ambulatoires attendront d\u2019\u00eatre pris en charge dans des bulles individuelles cosys o\u00f9 ils trouveront un peu de calme et d\u2019intimit\u00e9.<\/p>\n<p>Un campus sant\u00e9 \u00e0 proximit\u00e9<\/p>\n<p>Trois mille deux cents places de stationnement seront am\u00e9nag\u00e9es, dont 1\u00a0200 en sous-sol pour le personnel. L\u2019h\u00f4pital sera directement desservi par le tram, qui s\u2019arr\u00eatera aux portes de l\u2019\u00e9tablissement hospitalier.<\/p>\n<p>Le CHU de Nantes conservera, bien \u00e9videmment, les sp\u00e9cialit\u00e9s qui le distinguent des autres \u00e9tablissements fran\u00e7ais\u00a0: le service des grands br\u00fbl\u00e9s, la chirurgie maxillo-faciale et le traitement du cancer du sang.<\/p>\n<p>\u00c0 l\u2019horizon 2020, un campus sant\u00e9 Franceline-Ribard, dont la R\u00e9gion est ma\u00eetre d\u2019ouvrage, sera construit \u00e0 proximit\u00e9 du CHU. Il sera compos\u00e9 des facult\u00e9s de sant\u00e9 et des formations param\u00e9dicales, il comptera 7\u00a0000 \u00e9tudiants.<\/p>\n","protected":false},"excerpt":{"rendered":"Les premiers coups de pioches ont \u00e9t\u00e9 donn\u00e9s en 2022. La fin des travaux, dont le co\u00fbt s\u2019\u00e9l\u00e8ve&hellip;\n","protected":false},"author":2,"featured_media":603616,"comment_status":"","ping_status":"","sticky":false,"template":"","format":"standard","meta":{"footnotes":""},"categories":[2818],"tags":[1111,11,829,765,257,1777,674,1011,27,3047,766,12,2636,25,71],"class_list":{"0":"post-603615","1":"post","2":"type-post","3":"status-publish","4":"format-standard","5":"has-post-thumbnail","7":"category-nantes","8":"tag-actu","9":"tag-actualites","10":"tag-bretagne","11":"tag-en-continu","12":"tag-entreprise","13":"tag-eu","14":"tag-europe","15":"tag-fr","16":"tag-france","17":"tag-loire-atlantique","18":"tag-nantes","19":"tag-news","20":"tag-pays-de-la-loire","21":"tag-republique-francaise","22":"tag-sante"},"share_on_mastodon":{"url":"https:\/\/pubeurope.com\/@fr\/115730936285054699","error":""},"_links":{"self":[{"href":"https:\/\/www.europesays.com\/fr\/wp-json\/wp\/v2\/posts\/603615","targetHints":{"allow":["GET"]}}],"collection":[{"href":"https:\/\/www.europesays.com\/fr\/wp-json\/wp\/v2\/posts"}],"about":[{"href":"https:\/\/www.europesays.com\/fr\/wp-json\/wp\/v2\/types\/post"}],"author":[{"embeddable":true,"href":"https:\/\/www.europesays.com\/fr\/wp-json\/wp\/v2\/users\/2"}],"replies":[{"embeddable":true,"href":"https:\/\/www.europesays.com\/fr\/wp-json\/wp\/v2\/comments?post=603615"}],"version-history":[{"count":0,"href":"https:\/\/www.europesays.com\/fr\/wp-json\/wp\/v2\/posts\/603615\/revisions"}],"wp:featuredmedia":[{"embeddable":true,"href":"https:\/\/www.europesays.com\/fr\/wp-json\/wp\/v2\/media\/603616"}],"wp:attachment":[{"href":"https:\/\/www.europesays.com\/fr\/wp-json\/wp\/v2\/media?parent=603615"}],"wp:term":[{"taxonomy":"category","embeddable":true,"href":"https:\/\/www.europesays.com\/fr\/wp-json\/wp\/v2\/categories?post=603615"},{"taxonomy":"post_tag","embeddable":true,"href":"https:\/\/www.europesays.com\/fr\/wp-json\/wp\/v2\/tags?post=603615"}],"curies":[{"name":"wp","href":"https:\/\/api.w.org\/{rel}","templated":true}]}}