{"id":603625,"date":"2025-12-16T19:43:13","date_gmt":"2025-12-16T19:43:13","guid":{"rendered":"https:\/\/www.europesays.com\/fr\/603625\/"},"modified":"2025-12-16T19:43:13","modified_gmt":"2025-12-16T19:43:13","slug":"orelsan-est-a-la-recherche-de-premieres-parties-pour-dix-dates-de-sa-tournee-les-candidatures","status":"publish","type":"post","link":"https:\/\/www.europesays.com\/fr\/603625\/","title":{"rendered":"Orelsan est \u00e0 la recherche de premi\u00e8res parties pour dix dates de sa tourn\u00e9e\u00a0: les candidatures"},"content":{"rendered":"<p>\u00a0Si vous voulez faire ma premi\u00e8re partie, c\u2019est peut-\u00eatre possible\u00a0, lance Orelsan dans une vid\u00e9o post\u00e9e sur Instagram, mardi 16\u00a0d\u00e9cembre 2025.<\/p>\n<p><strong>Lire aussi\u00a0:<\/strong> <a href=\"https:\/\/caen.maville.com\/actu\/actudet_--il-faut-pas-que-je-les-perde-orelsan-va-recevoir-les-cles-de-la-ville-de-caen-et-l-apprend-en-direct-a-la-radio-_52656-7060340_actu.Htm\" target=\"_self\" rel=\"noopener\">\u00ab\u00a0Il ne faut pas que je les perde\u00a0\u00bb\u00a0: Orelsan va recevoir les cl\u00e9s de la ville de Caen et l\u2019apprend en direct \u00e0 la radio<\/a><\/p>\n<blockquote class=\"instagram-media\" data-instgrm-captioned=\"\" data-instgrm-permalink=\"https:\/\/www.instagram.com\/reel\/DSUfxIeCGh8\/?utm_source=ig_embed&amp;utm_campaign=loading\" data-instgrm-version=\"14\" style=\" background:#FFF; border:0; border-radius:3px; box-shadow:0 0 1px 0 rgba(0,0,0,0.5),0 1px 10px 0 rgba(0,0,0,0.15); margin: 1px; max-width:540px; min-width:326px; padding:0; width:99.375%; width:-webkit-calc(100% - 2px); width:calc(100% - 2px);\" wp_automatic_readability=\"-0.24705882352941\"\/>\n<p><a href=\"https:\/\/caen.maville.com\/actu\/actudet_-le-rappeur-orelsan-repart-en-tournee-en-2026-trois-dates-a-caen-et-dix-a-paris-_52656-6998159_actu.Htm\" target=\"_self\" rel=\"noopener\">Pour dix dates de sa tourn\u00e9e,<\/a> le rappeur normand \u00a0organise un tremplin\u00a0. Il cherche des artistes m\u00e9connus pour\u00a0Caen, Bordeaux, Strasbourg, Toulouse, Nantes, Lille, Dijon, Lyon, Orl\u00e9ans, Marseille.<\/p>\n<p>Une plateforme payante pour candidater<\/p>\n<p>Pour participer, il faut candidater sur Push. \u00a0C\u2019est la premi\u00e8re fois qu\u2019un artiste ouvre\u00a0sa tourn\u00e9e \u00e0 des talents via une plateforme\u00a0, indique la communication du portail cr\u00e9\u00e9 il y a moins d\u2019un an.<\/p>\n<p>Attention, seuls les \u00a0artistes premium Push pourront candidater.\u00a0 Cela implique de s\u2019abonner \u00e0 Push et de payer 150\u00a0\u20ac d\u2019un coup, ou un abonnement de 14,99\u00a0\u20ac par mois pendant un an.<\/p>\n<p>Apr\u00e8s cela, les organisateurs l\u2019assurent\u00a0: \u00a0On \u00e9coute toutes les candidatures. Si tu es retenu, on te contactera pour la suite.\u00a0 La s\u00e9lection se fera avec Orelsan et l\u2019\u00e9quipe de la plateforme.\u00a0<\/p>\n<p>\u00a0<\/p>\n<p>\t\t<script async src=\"\/\/www.instagram.com\/embed.js\"><\/script><\/p>\n","protected":false},"excerpt":{"rendered":"\u00a0Si vous voulez faire ma premi\u00e8re partie, c\u2019est peut-\u00eatre possible\u00a0, lance Orelsan dans une vid\u00e9o post\u00e9e sur Instagram,&hellip;\n","protected":false},"author":2,"featured_media":603626,"comment_status":"","ping_status":"","sticky":false,"template":"","format":"standard","meta":{"footnotes":""},"categories":[2815],"tags":[1111,11,24324,13799,1777,674,1011,27,811,1307,12,21953,18729,39830,959,25,4441],"class_list":{"0":"post-603625","1":"post","2":"type-post","3":"status-publish","4":"format-standard","5":"has-post-thumbnail","7":"category-lille","8":"tag-actu","9":"tag-actualites","10":"tag-candidatures","11":"tag-dates","12":"tag-eu","13":"tag-europe","14":"tag-fr","15":"tag-france","16":"tag-hauts-de-france","17":"tag-lille","18":"tag-news","19":"tag-orelsan","20":"tag-ouvertes","21":"tag-parties","22":"tag-recherche","23":"tag-republique-francaise","24":"tag-tournee"},"share_on_mastodon":{"url":"https:\/\/pubeurope.com\/@fr\/115730959854215330","error":""},"_links":{"self":[{"href":"https:\/\/www.europesays.com\/fr\/wp-json\/wp\/v2\/posts\/603625","targetHints":{"allow":["GET"]}}],"collection":[{"href":"https:\/\/www.europesays.com\/fr\/wp-json\/wp\/v2\/posts"}],"about":[{"href":"https:\/\/www.europesays.com\/fr\/wp-json\/wp\/v2\/types\/post"}],"author":[{"embeddable":true,"href":"https:\/\/www.europesays.com\/fr\/wp-json\/wp\/v2\/users\/2"}],"replies":[{"embeddable":true,"href":"https:\/\/www.europesays.com\/fr\/wp-json\/wp\/v2\/comments?post=603625"}],"version-history":[{"count":0,"href":"https:\/\/www.europesays.com\/fr\/wp-json\/wp\/v2\/posts\/603625\/revisions"}],"wp:featuredmedia":[{"embeddable":true,"href":"https:\/\/www.europesays.com\/fr\/wp-json\/wp\/v2\/media\/603626"}],"wp:attachment":[{"href":"https:\/\/www.europesays.com\/fr\/wp-json\/wp\/v2\/media?parent=603625"}],"wp:term":[{"taxonomy":"category","embeddable":true,"href":"https:\/\/www.europesays.com\/fr\/wp-json\/wp\/v2\/categories?post=603625"},{"taxonomy":"post_tag","embeddable":true,"href":"https:\/\/www.europesays.com\/fr\/wp-json\/wp\/v2\/tags?post=603625"}],"curies":[{"name":"wp","href":"https:\/\/api.w.org\/{rel}","templated":true}]}}