{"id":603629,"date":"2025-12-16T19:45:22","date_gmt":"2025-12-16T19:45:22","guid":{"rendered":"https:\/\/www.europesays.com\/fr\/603629\/"},"modified":"2025-12-16T19:45:22","modified_gmt":"2025-12-16T19:45:22","slug":"avec-14-millions-de-sejours-par-an-comment-le-city-break-redessine-le-tourisme-en-provence","status":"publish","type":"post","link":"https:\/\/www.europesays.com\/fr\/603629\/","title":{"rendered":"Avec 14\u00a0millions de s\u00e9jours par an, comment le city-break redessine le tourisme en Provence"},"content":{"rendered":"<p>Changer de ville le temps d\u2019un week-end, partir sur un coup de t\u00eate, privil\u00e9gier quelques jours d&rsquo;exp\u00e9riences plut\u00f4t qu&rsquo;un long s\u00e9jour planifi\u00e9 : le city-break s\u2019installe durablement dans les <a href=\"https:\/\/www.laprovence.com\/article\/tourisme\/2322308886439215\/le-mieux-voyager-quels-defis-pour-les-acteurs-du-tourisme\" target=\"_blank\" rel=\"noopener\">pratiques touristiques<\/a>. Loin d\u2019un simple effet de mode, il traduit une \u00e9volution profonde du <a href=\"https:\/\/www.laprovence.com\/article\/economie\/2980702980223215\/avec-1-4-milliard-de-voyageurs-en-2024-le-tourisme-mondial-a-retrouve-son-niveau-pre-covid\" target=\"_blank\" rel=\"noopener\">rapport au voyage<\/a>, plus court, plus fr\u00e9quent, plus flexible.<\/p>\n<p>Une \u00e9volution confirm\u00e9e par une r\u00e9cente \u00e9tude men\u00e9e par easyHotel et l\u2019institut Norstat (*). Tous d\u00e9clarent avoir effectu\u00e9 au moins une <a href=\"https:\/\/www.laprovence.com\/article\/guide-shopping\/49943983966015\/evasion-en-provence-les-meilleures-offres-de-sejours-pour-l-ete-2024\" target=\"_blank\" rel=\"noopener\">escapade urbaine<\/a> au cours des deux derni\u00e8res ann\u00e9es. Mieux\u00a0: pr\u00e8s de 38% en ont r\u00e9alis\u00e9 deux et 13% quatre ou plus, r\u00e9v\u00e9lant une pratique d\u00e9sormais install\u00e9e, port\u00e9e par la recherche d\u2019un changement de d\u00e9cor rapide et accessible.<\/p>\n<p>Les motivations avanc\u00e9es \u00e9clairent cette \u00e9volution. La facilit\u00e9 d\u2019organisation arrive en t\u00eate (46%), devant le co\u00fbt (35%) et la possibilit\u00e9 de voyager plus souvent (36%). Le <a href=\"https:\/\/www.laprovence.com\/article\/france-monde\/1467986205009715\/tourisme-un-ete-sous-le-signe-du-soleil-et-de-la-gestion-du-budget\" target=\"_blank\" rel=\"noopener\">budget<\/a> p\u00e8se clairement dans la d\u00e9cision : 56% des r\u00e9pondants consacrent moins de 150 \u20ac \u00e0 l\u2019h\u00e9bergement pour deux nuits, pr\u00e9f\u00e9rant r\u00e9server leur enveloppe aux sorties, \u00e0 la culture ou \u00e0 la restauration. Un format d\u2019autant plus attractif que 58% des city-breaks se d\u00e9roulent en France, contre 30% vers d\u2019autres capitales europ\u00e9ennes.<\/p>\n<p>34% en hiver contre 14% en \u00e9t\u00e9<\/p>\n<p>Une dynamique nationale qui se v\u00e9rifie plus concr\u00e8tement \u00e0 l&rsquo;\u00e9chelle r\u00e9gionale. Selon les donn\u00e9es de <a href=\"https:\/\/www.laprovence.com\/article\/tourisme\/5629832373532615\/crt-provence-alpes-cote-dazur-lannee-2023-peut-encore-etre-une-annee-record\" target=\"_blank\" rel=\"noopener\">l&rsquo;Observatoire du tourisme du CRT Provence-Alpes-C\u00f4te d&rsquo;Azur<\/a>, les s\u00e9jours courts -d\u00e9finis comme des voyages de moins de trois nuits- repr\u00e9sentent aujourd&rsquo;hui pr\u00e8s de 4 s\u00e9jours sur 10, soit environ 14 millions par an.<\/p>\n<p>L\u2019\u00e9tude souligne \u00e9galement le r\u00f4le central de ces formats dans la d\u00e9saisonnalisation de l\u2019activit\u00e9 touristique. Pr\u00e8s d\u2019un tiers des courts s\u00e9jours ont lieu en hiver (34%), devant le printemps (27%) et l\u2019automne (26%), l\u2019\u00e9t\u00e9 n\u2019en concentrant que 14%. Toujours \u00e0 l\u2019\u00e9chelle r\u00e9gionale, cette pratique se r\u00e9v\u00e8le particuli\u00e8rement \u00e9lev\u00e9e dans le Vaucluse (48%), les Alpes-de-Haute-Provence (45%) et les Bouches-du-Rh\u00f4ne (42%).<\/p>\n<p>Autre enseignement majeur\u00a0: dans ces d\u00e9partements, les courts s\u00e9jours g\u00e9n\u00e8rent une consommation touristique plus intensive, avec une d\u00e9pense moyenne de 98\u00a0\u20ac par jour, soit 37% de plus que la moyenne r\u00e9gionale, notamment dans la restauration. Ces formats reposent majoritairement sur l\u2019h\u00e9bergement marchand, l\u2019h\u00f4tellerie devenant le premier mode d\u2019accueil pour ce type de s\u00e9jour.<\/p>\n<p>Les voyageurs se d\u00e9cident au dernier moment<\/p>\n<p>Dans ce contexte globalement favorable en Provence, Marseille appara\u00eet comme un terrain d\u2019observation privil\u00e9gi\u00e9 de ces nouvelles pratiques. \u00ab\u00a0Les city-breaks se multiplient, et ce n\u2019est pas nouveau, observe <a href=\"https:\/\/www.laprovence.com\/article\/region\/2476299390763515\/airbnb-le-bon-coin-il-y-a-des-derives-hallucinantes\" target=\"_blank\" rel=\"noopener\">Nicolas Guyot<\/a>, vice-pr\u00e9sident de <a href=\"https:\/\/www.laprovence.com\/article\/edition-marseille\/6531812\/la-profession-touristique-retrouve-le-sourire.html\" target=\"_blank\" rel=\"noopener\">l\u2019UMIH 13<\/a>. On voit des visiteurs qui d\u00e9cident au dernier moment\u00a0: la m\u00e9t\u00e9o s\u2019annonce bonne, un billet de train est accessible\u2026 et hop, ils arrivent.\u00a0\u00bb La facilit\u00e9 d\u2019acc\u00e8s est d\u2019ailleurs, d\u2019apr\u00e8s lui, un facteur cl\u00e9\u00a0: \u00ab\u00a0Trois heures en train depuis Paris, une heure et demie depuis Lyon\u2026 C\u2019est un atout \u00e9norme.\u00a0\u00bb<\/p>\n<p>Le directeur du Carr\u00e9 Vieux-Port d\u00e9crit aussi l\u2019\u00e9mergence d\u2019un nouveau profil : \u00ab\u00a0Le city-breaker en t\u00e9l\u00e9travail. Celui-l\u00e0 reste dans sa chambre en journ\u00e9e, consomme le soir, et profite d\u2019une visite culturelle ou d\u2019un restaurant. Il existe vraiment.\u00a0\u00bb<\/p>\n<p>La progression de ces s\u00e9jours courts s\u2019inscrit \u00e9galement dans un contexte de <a href=\"https:\/\/www.laprovence.com\/article\/region\/3085629866324514\/on-veut-se-faire-plaisir-mais-avec-un-budget-limite-aux-saintes-maries-de-la-mer-les-vacanciers-comptent-chaque-euro\" target=\"_blank\" rel=\"noopener\">hausse g\u00e9n\u00e9rale des prix<\/a>. \u00ab\u00a0Depuis le <a href=\"https:\/\/www.laprovence.com\/article\/societe\/20044977063696\/covid-5-ans-apres-le-tourisme-de-masse-quon-a-connu-est-fini-en-provence-les-habitudes-bouleversees\" target=\"_blank\" rel=\"noopener\">Covid<\/a>, le prix moyen de l\u2019h\u00f4tellerie a augment\u00e9. La location saisonni\u00e8re, qu\u2019on restreint d\u00e9sormais en dur\u00e9e et en nombre d\u2019appartements, se loue moins souvent\u2026 donc plus cher. Tout cela pousse les voyageurs vers le court s\u00e9jour, plus abordable\u00a0\u00bb, analyse Nicolas Guyot.<\/p>\n<p>Un \u00e9cosyst\u00e8me favorable<\/p>\n<p>Mais l\u2019essor des courts s\u00e9jours ne s\u2019explique pas uniquement par des arbitrages budg\u00e9taires. Marseille doit aussi cette attractivit\u00e9 \u00e0 un \u00e9cosyst\u00e8me culturel et \u00e9v\u00e9nementiel dense. \u00ab\u00a0Il y a trente ans, on n\u2019avait pas cette richesse\u00a0: festivals, manifestations sportives, matches de foot le week-end\u2026, reprend Nicolas Guyot. Tout cela g\u00e9n\u00e8re du flux. Et m\u00eame sans \u00e9v\u00e9nement, un city-break de trois jours, c\u2019est une calanque, une visite, du shopping\u00a0: on repart avec un vrai aper\u00e7u de la ville.\u00a0\u00bb<\/p>\n<p><img alt=\"Ouvert fin 2024, easyHotel Marseille Euromed illustre l\u2019essor des s\u00e9jours courts, avec une client\u00e8le m\u00ealant loisirs et d\u00e9placements professionnels.\" loading=\"lazy\" decoding=\"async\" data-nimg=\"fill\" class=\" TwicCore_img__i9TC1 undefined  undefined\" style=\"position:absolute;height:100%;width:100%;left:0;top:0;right:0;bottom:0;color:transparent;background-size:cover;background-position:50% 50%;background-repeat:no-repeat;background-image:url(&quot;data:image\/svg+xml;charset=utf-8,%3Csvg xmlns='http:\/\/www.w3.org\/2000\/svg' %3E%3Cfilter id='b' color-interpolation-filters='sRGB'%3E%3CfeGaussianBlur stdDeviation='20'\/%3E%3CfeColorMatrix values='1 0 0 0 0 0 1 0 0 0 0 0 1 0 0 0 0 0 100 -1' result='s'\/%3E%3CfeFlood x='0' y='0' width='100%25' height='100%25'\/%3E%3CfeComposite operator='out' in='s'\/%3E%3CfeComposite in2='SourceGraphic'\/%3E%3CfeGaussianBlur stdDeviation='20'\/%3E%3C\/filter%3E%3Cimage width='100%25' height='100%25' x='0' y='0' preserveAspectRatio='none' style='filter: url(%23b);' href='https:\/\/pictures.laprovence.com\/cdn-cgi\/image\/blur=250\/media\/melody\/2025\/12\/16\/illustrations-hotellerie-marseille-touriste-ici-hotel-easy-hotel-hotellerie-marseille-281025dri01-1765908952_e42a9b24e0096092a9b24e009de2a9v_.jpg'\/%3E%3C\/svg%3E&quot;)\"   src=\"https:\/\/www.europesays.com\/fr\/wp-content\/uploads\/2025\/12\/illustrations-hotellerie-marseille-touriste-ici-hotel-easy-hotel-hotellerie-marseille-281025dri01-17.jpeg\"\/>Ouvert fin 2024, easyHotel Marseille Euromed illustre l\u2019essor des s\u00e9jours courts, avec une client\u00e8le m\u00ealant loisirs et d\u00e9placements professionnels. \/ PHOTO ARCHIVES DAVID ROSSI<\/p>\n<p>Dans ce contexte, la r\u00e9ussite <a href=\"https:\/\/www.laprovence.com\/article\/region\/6644562127664914\/avec-1-000-chambres-de-plus-a-marseille-l-offre-hoteliere-s-etoffe-et-monte-en-gamme\" target=\"_blank\" rel=\"noopener\">d\u2019easyHotel Marseille Euromed<\/a> illustre cette mutation. Un an apr\u00e8s son ouverture, l\u2019\u00e9tablissement affiche un taux d\u2019occupation moyen de 82% en haute saison et un tarif journalier de 70,8 \u20ac, avec une client\u00e8le compos\u00e9e \u00e0 70% de visiteurs loisirs et 30% de voyageurs d\u2019affaires. Pens\u00e9 comme une adresse d\u00e9di\u00e9e aux s\u00e9jours courts, professionnels comme touristiques, l\u2019h\u00f4tel s\u2019inscrit pleinement dans cette logique de city-break \u00e0 budget ma\u00eetris\u00e9, particuli\u00e8rement pris\u00e9e par les jeunes adultes.<\/p>\n<p>\u00ab\u00a0Avec une client\u00e8le majoritairement \u00e2g\u00e9e de 18 \u00e0 34\u00a0ans, nous r\u00e9sonnons avec une nouvelle g\u00e9n\u00e9ration de visiteurs en qu\u00eate d\u2019exp\u00e9riences, attach\u00e9s \u00e0 un design malin et \u00e0 des prix attractifs\u00a0\u00bb, souligne Karim Malak, CEO d\u2019easyHotel.<\/p>\n<p>Le CityPass pl\u00e9biscit\u00e9 par les visiteurs<\/p>\n<p>Cette logique du city-break se prolonge jusque dans les outils mis \u00e0 disposition des visiteurs, \u00e0 commencer par le <a href=\"https:\/\/www.laprovence.com\/article\/sorties-loisirs\/4564528\/un-city-pass-pour-attirer-les-touristes-de-marseille.html\" target=\"_blank\" rel=\"noopener\">CityPass<\/a>. Propos\u00e9 par l\u2019office de tourisme en formules 24, 48 ou 72\u00a0heures, il combine acc\u00e8s illimit\u00e9 aux transports, entr\u00e9es dans les mus\u00e9es, visites embl\u00e9matiques et exp\u00e9riences au choix. \u00ab\u00a0Avant, il \u00e9tait vendu presque confidentiellement, rappelle Nicolas Guyot. Aujourd\u2019hui, c\u2019est un produit tr\u00e8s structur\u00e9, parfaitement adapt\u00e9 \u00e0 ces visiteurs press\u00e9s de multiplier les exp\u00e9riences. L\u2019office du tourisme a vraiment r\u00e9pondu \u00e0 une attente.\u00a0\u00bb<\/p>\n<p>Et de conclure\u00a0: \u00ab\u00a0\u00c0 l\u2019image du scroll sur un \u00e9cran et les r\u00e9seaux sociaux, le city-break traduit\u00a0une fa\u00e7on d\u2019aller vite \u00e0 l\u2019essentiel, de multiplier les sensations et les destinations, sans s\u2019inscrire dans le temps long\u00a0\u00bb.<\/p>\n<p>(*) Etude men\u00e9e par easyHotel et l\u2019institut Norstat aupr\u00e8s de 1\u00a0012 Fran\u00e7ais.<\/p>\n","protected":false},"excerpt":{"rendered":"Changer de ville le temps d\u2019un week-end, partir sur un coup de t\u00eate, privil\u00e9gier quelques jours d&rsquo;exp\u00e9riences plut\u00f4t&hellip;\n","protected":false},"author":2,"featured_media":603630,"comment_status":"","ping_status":"","sticky":false,"template":"","format":"standard","meta":{"footnotes":""},"categories":[2814],"tags":[71579,17,1111,11,9626,3396,16897,20,1777,674,1011,27,884,12,5912,882,25,71580,602],"class_list":{"0":"post-603629","1":"post","2":"type-post","3":"status-publish","4":"format-standard","5":"has-post-thumbnail","7":"category-marseille","8":"tag-14-millions","9":"tag-17","10":"tag-actu","11":"tag-actualites","12":"tag-an","13":"tag-avec","14":"tag-city-break","15":"tag-comment","16":"tag-eu","17":"tag-europe","18":"tag-fr","19":"tag-france","20":"tag-marseille","21":"tag-news","22":"tag-par","23":"tag-provence-alpes-cote-dazur","24":"tag-republique-francaise","25":"tag-sejours","26":"tag-tourisme"},"share_on_mastodon":{"url":"https:\/\/pubeurope.com\/@fr\/115730968740776445","error":""},"_links":{"self":[{"href":"https:\/\/www.europesays.com\/fr\/wp-json\/wp\/v2\/posts\/603629","targetHints":{"allow":["GET"]}}],"collection":[{"href":"https:\/\/www.europesays.com\/fr\/wp-json\/wp\/v2\/posts"}],"about":[{"href":"https:\/\/www.europesays.com\/fr\/wp-json\/wp\/v2\/types\/post"}],"author":[{"embeddable":true,"href":"https:\/\/www.europesays.com\/fr\/wp-json\/wp\/v2\/users\/2"}],"replies":[{"embeddable":true,"href":"https:\/\/www.europesays.com\/fr\/wp-json\/wp\/v2\/comments?post=603629"}],"version-history":[{"count":0,"href":"https:\/\/www.europesays.com\/fr\/wp-json\/wp\/v2\/posts\/603629\/revisions"}],"wp:featuredmedia":[{"embeddable":true,"href":"https:\/\/www.europesays.com\/fr\/wp-json\/wp\/v2\/media\/603630"}],"wp:attachment":[{"href":"https:\/\/www.europesays.com\/fr\/wp-json\/wp\/v2\/media?parent=603629"}],"wp:term":[{"taxonomy":"category","embeddable":true,"href":"https:\/\/www.europesays.com\/fr\/wp-json\/wp\/v2\/categories?post=603629"},{"taxonomy":"post_tag","embeddable":true,"href":"https:\/\/www.europesays.com\/fr\/wp-json\/wp\/v2\/tags?post=603629"}],"curies":[{"name":"wp","href":"https:\/\/api.w.org\/{rel}","templated":true}]}}