{"id":603631,"date":"2025-12-16T19:46:18","date_gmt":"2025-12-16T19:46:18","guid":{"rendered":"https:\/\/www.europesays.com\/fr\/603631\/"},"modified":"2025-12-16T19:46:18","modified_gmt":"2025-12-16T19:46:18","slug":"face-au-narcotrafic-on-ne-doit-rien-lacher-on-doit-pilonner-martele-le-president","status":"publish","type":"post","link":"https:\/\/www.europesays.com\/fr\/603631\/","title":{"rendered":"face au narcotrafic \u00ab\u00a0on ne doit rien l\u00e2cher, on doit pilonner\u00a0\u00bb, mart\u00e8le le pr\u00e9sident"},"content":{"rendered":"<p>En\u00a02023, l\u2019affrontement entre <a href=\"https:\/\/www.laprovence.com\/article\/faits-divers-justice\/28240140263593\/un-nouvel-assassinat-sur-fond-de-guerre-entre-clans-de-la-dz-mafia-et-de-yoda-elucide-par-la-pj-de-marseille\" target=\"_blank\" rel=\"noopener\">les clans de Yoda et de la DZ Mafia<\/a>, \u00e0 l\u2019origine de pr\u00e8s de 50 morts et de centaines de bless\u00e9s s\u2019est livr\u00e9 sur deux terrains\u00a0: les rues de Marseille, mais aussi les messageries chiffr\u00e9es et les r\u00e9seaux sociaux. C\u2019est d\u2019ailleurs sur <a href=\"https:\/\/www.laprovence.com\/article\/faits-divers-justice\/29104480659451\/mise-a-prix-la-tete-d-un-juge-francilien-deux-hommes-se-revendiquant-de-la-dz-mafia-ecroues\" target=\"_blank\" rel=\"noopener\">Telegram et Snapchat que la DZ Mafia<\/a> est apparue pour la premi\u00e8re fois, en mars\u00a02023, apr\u00e8s l\u2019assassinat d\u2019un jeune homme.<\/p>\n<p>Ce sont sur ces m\u00eames r\u00e9seaux que les organisations criminelles ont recrut\u00e9 leurs tueurs \u00e0 gages parmi des adolescents. Gr\u00e2ce \u00e0 ces m\u00eames outils num\u00e9riques, aux contenus chiffr\u00e9s de bout en bout quasi inaccessibles aux \u00e9coutes polici\u00e8res, des cadres du narcotrafic ont pu commanditer des meurtres et g\u00e9rer leurs affaires depuis leurs cellules. C\u00f4t\u00e9 demande, <a href=\"https:\/\/www.laprovence.com\/article\/region\/1264035811074315\/consommation-de-drogue-a-marseille-cest-du-jamais-vu-travailleurs-de-rue-et-militants-associatifs-sont-a-bout\" target=\"_blank\" rel=\"noopener\">des clients de plus en plus nombreux ont pu commander coca\u00efne et cannabis<\/a>, surtout, depuis leur t\u00e9l\u00e9phone, livr\u00e9s \u00e0 domicile en toute discr\u00e9tion, avec beaucoup moins de risques de se faire prendre.<\/p>\n<p>Ces nouveaux outils du narcobanditisme garantissent un anonymat quasi-total. Car au-del\u00e0 de la technique, nombre de plateformes rechignent \u00e0 collaborer avec les forces de l\u2019ordre afin d\u2019identifier les utilisateurs. \u00ab\u00a0C\u2019est tr\u00e8s simple, Telegram ne r\u00e9pond pas au&#8230;<\/p>\n","protected":false},"excerpt":{"rendered":"En\u00a02023, l\u2019affrontement entre les clans de Yoda et de la DZ Mafia, \u00e0 l\u2019origine de pr\u00e8s de 50&hellip;\n","protected":false},"author":2,"featured_media":603632,"comment_status":"","ping_status":"","sticky":false,"template":"","format":"standard","meta":{"footnotes":""},"categories":[2814],"tags":[17,1111,11,5404,11513,1777,674,2823,274,1011,27,11514,884,8721,12,5241,882,25],"class_list":{"0":"post-603631","1":"post","2":"type-post","3":"status-publish","4":"format-standard","5":"has-post-thumbnail","7":"category-marseille","8":"tag-17","9":"tag-actu","10":"tag-actualites","11":"tag-doit","12":"tag-emmanuel","13":"tag-eu","14":"tag-europe","15":"tag-face","16":"tag-faits-divers-justice","17":"tag-fr","18":"tag-france","19":"tag-macron","20":"tag-marseille","21":"tag-narcotrafic","22":"tag-news","23":"tag-on","24":"tag-provence-alpes-cote-dazur","25":"tag-republique-francaise"},"share_on_mastodon":{"url":"https:\/\/pubeurope.com\/@fr\/115730971628897585","error":""},"_links":{"self":[{"href":"https:\/\/www.europesays.com\/fr\/wp-json\/wp\/v2\/posts\/603631","targetHints":{"allow":["GET"]}}],"collection":[{"href":"https:\/\/www.europesays.com\/fr\/wp-json\/wp\/v2\/posts"}],"about":[{"href":"https:\/\/www.europesays.com\/fr\/wp-json\/wp\/v2\/types\/post"}],"author":[{"embeddable":true,"href":"https:\/\/www.europesays.com\/fr\/wp-json\/wp\/v2\/users\/2"}],"replies":[{"embeddable":true,"href":"https:\/\/www.europesays.com\/fr\/wp-json\/wp\/v2\/comments?post=603631"}],"version-history":[{"count":0,"href":"https:\/\/www.europesays.com\/fr\/wp-json\/wp\/v2\/posts\/603631\/revisions"}],"wp:featuredmedia":[{"embeddable":true,"href":"https:\/\/www.europesays.com\/fr\/wp-json\/wp\/v2\/media\/603632"}],"wp:attachment":[{"href":"https:\/\/www.europesays.com\/fr\/wp-json\/wp\/v2\/media?parent=603631"}],"wp:term":[{"taxonomy":"category","embeddable":true,"href":"https:\/\/www.europesays.com\/fr\/wp-json\/wp\/v2\/categories?post=603631"},{"taxonomy":"post_tag","embeddable":true,"href":"https:\/\/www.europesays.com\/fr\/wp-json\/wp\/v2\/tags?post=603631"}],"curies":[{"name":"wp","href":"https:\/\/api.w.org\/{rel}","templated":true}]}}