{"id":603635,"date":"2025-12-16T19:48:20","date_gmt":"2025-12-16T19:48:20","guid":{"rendered":"https:\/\/www.europesays.com\/fr\/603635\/"},"modified":"2025-12-16T19:48:20","modified_gmt":"2025-12-16T19:48:20","slug":"lyon-une-premiere-reprise-pour-une-filiale-daci-group-lespoir-de-tourner-la-page","status":"publish","type":"post","link":"https:\/\/www.europesays.com\/fr\/603635\/","title":{"rendered":"Lyon. Une premi\u00e8re reprise pour une filiale d\u2019ACI Group, l\u2019espoir de \u00ab\u00a0tourner la page\u00a0\u00bb"},"content":{"rendered":"<p>Avant m\u00eame l\u2019ouverture de l\u2019audience, le ton est donn\u00e9.<\/p>\n<p>Dans les couloirs du tribunal, Philippe Rivi\u00e8re interpelle le photographe du Progr\u00e8s. \u00ab\u00a0C\u2019est vous qui m\u2019avez photographi\u00e9 fatigu\u00e9 la semaine derni\u00e8re\u00a0?\u00a0\u00bb, lance-t-il, sourire en coin, avant de pointer l\u2019absence de Patrice Rives, cofondateur d\u2019ACI Group. \u00ab\u00a0Avez-vous d\u00e9j\u00e0 vu un pyromane contempler son incendie\u00a0?\u00a0\u00bb, ironise Gauthier Dor\u00e9, l\u2019un des avocats de Philippe Rivi\u00e8re.<\/p>\n<p>Une sc\u00e8ne qui tranche avec l\u2019image du dirigeant apparu ferm\u00e9 et \u00e9puis\u00e9 lors de la pr\u00e9c\u00e9dente audience.<\/p>\n<p>  Une p\u00e9riode d\u2019observation prolong\u00e9e<\/p>\n<p>Souriant, taquin, confiant, parce qu\u2019 \u00ab\u00a0un entrepreneur l\u2019est toujours\u00a0\u00bb, Philippe Rivi\u00e8re se dirige vers salle d\u2019audience peu apr\u00e8s 14 heures. \u00c0 la sortie de la salle, plus de deux heures apr\u00e8s, il n\u2019a rien perdu de son optimisme\u00a0: la p\u00e9riode d\u2019observation du groupe ACI est prolong\u00e9e jusqu\u2019au 4\u00a0f\u00e9vrier.<\/p>\n<p>\u00ab\u00a0C\u2019est une s\u00e9r\u00e9nit\u00e9 pour trouver un projet d\u00e8s 2026. On se bagarre pour\u00a0\u00bb, salut il. \u00ab\u00a0Tout le monde disait que \u00e7a allait \u00eatre une catastrophe. En travaillant, on arrive \u00e0 trouver des solutions\u00a0\u00bb, r\u00e9sume Jean-Marie Chanon, un autre de ses avocats. \u00ab\u00a0On continue de travailler tous les jours pour trouver des solutions\u00a0\u00bb, confirme Gauthier Dor\u00e9.<\/p>\n<p>  Une premi\u00e8re reprise valid\u00e9e<\/p>\n<p>Pour une des deux filiales entendues aujourd\u2019hui, une issue favorable.<\/p>\n<p>Roche Meca Tech est \u00ab\u00a0la premi\u00e8re reprise d\u2019ACI Group\u00a0\u00bb, se r\u00e9jouit l\u2019avocat Nicolas Bess. Autrement dit, elle est rachet\u00e9e par J\u00e9r\u00e9my Rochand, \u00e0 la t\u00eate des Ateliers Agiles. \u00ab\u00a0C\u2019est parti pour une nouvelle aventure\u00a0\u00bb, se f\u00e9licite le nouveau PDG de Mecafor42, nouveau nom de Roche Meca Tech choisi pour \u00ab\u00a0tourner la page\u00a0\u00bb. Une dizaine d\u2019offres suppl\u00e9mentaires doivent \u00eatre d\u00e9pos\u00e9es, notamment au\u00a0Havre, dans l\u2019Ain et la Loire, selon Nicolas Bess, m\u00eame si \u00ab\u00a0rien ne garantit que tout sera repris\u00a0\u00bb.<\/p>\n<p>\u00ab\u00a0\u00c7a montre que de nouvelles choses sont possibles\u00a0\u00bb, reconna\u00eet Samy Tabti, syndicat CGT de Roche Meca Tech. Aussit\u00f4t il temp\u00e8re\u00a0: \u00ab\u00a0neuf coll\u00e8gues viennent de perdre leur emploi aujourd\u2019hui, \u00e0 la veille des f\u00eates. La holding ne vaut plus rien, \u00e0 l\u2019image de son PDG, sa valeur, c\u2019\u00e9taient les soci\u00e9t\u00e9s et les salari\u00e9s\u00a0\u00bb.<\/p>\n<p>  Une plainte contre Rivi\u00e8re\u00a0?<\/p>\n<p>Le syndicaliste annonce qu\u2019une plainte visant Philippe Rivi\u00e8re va \u00eatre d\u00e9pos\u00e9e, avec la volont\u00e9 de se porter partie civile\u00a0: \u00ab\u00a0on sera d\u00e9termin\u00e9s \u00e0 expliquer toutes les malversations \u00e0 qui veut bien nous \u00e9couter.\u00a0\u00bb Et conclut, \u00ab\u00a0un jour, il faudra rendre des comptes\u00a0\u00bb.<\/p>\n<p>Pour Fabrice Fort, animateur r\u00e9gional CGT m\u00e9taux Auvergne-Rh\u00f4ne-Alpes, l\u2019enjeu est d\u00e9sormais op\u00e9rationnel\u00a0: \u00ab\u00a0s\u00e9curiser les carnets de commandes\u00a0\u00bb. Comme pour Roche Meca Tech, \u00ab\u00a0ce sont de petites entit\u00e9s\u00a0: des repreneurs de taille \u00e9quivalente peuvent se repositionner\u00a0\u00bb. Il y voit une opportunit\u00e9\u00a0: \u00ab\u00a0Notre mobilisation a pay\u00e9, on se bat pour les emplois\u00a0\u00bb.\u00a0La cl\u00e9 reste le financement, \u00ab\u00a0les investisseurs doivent se manifester rapidement\u00a0\u00bb, insiste-t-il. Devant le tribunal, avocats et repr\u00e9sentants des salari\u00e9s se regroupent. \u00ab\u00a0On se voit le 4\u00a0f\u00e9vrier\u00a0?\u00a0\u00bb, lance l\u2019un d\u2019eux. Rendez-vous pris.<\/p>\n","protected":false},"excerpt":{"rendered":"Avant m\u00eame l\u2019ouverture de l\u2019audience, le ton est donn\u00e9. Dans les couloirs du tribunal, Philippe Rivi\u00e8re interpelle le&hellip;\n","protected":false},"author":2,"featured_media":603636,"comment_status":"","ping_status":"","sticky":false,"template":"","format":"standard","meta":{"footnotes":""},"categories":[1889],"tags":[1111,11,2430,33,2757,1777,674,107,1011,27,693,3367,2428,2756,12,25,2429],"class_list":{"0":"post-603635","1":"post","2":"type-post","3":"status-publish","4":"format-standard","5":"has-post-thumbnail","7":"category-lyon","8":"tag-actu","9":"tag-actualites","10":"tag-auvergne-rhone-alpes","11":"tag-economie","12":"tag-edition-lyon-villeurbanne","13":"tag-eu","14":"tag-europe","15":"tag-fil-info","16":"tag-fr","17":"tag-france","18":"tag-industrie","19":"tag-loire","20":"tag-lyon","21":"tag-lyon-bassin","22":"tag-news","23":"tag-republique-francaise","24":"tag-rhone"},"share_on_mastodon":{"url":"https:\/\/pubeurope.com\/@fr\/115730979443669440","error":""},"_links":{"self":[{"href":"https:\/\/www.europesays.com\/fr\/wp-json\/wp\/v2\/posts\/603635","targetHints":{"allow":["GET"]}}],"collection":[{"href":"https:\/\/www.europesays.com\/fr\/wp-json\/wp\/v2\/posts"}],"about":[{"href":"https:\/\/www.europesays.com\/fr\/wp-json\/wp\/v2\/types\/post"}],"author":[{"embeddable":true,"href":"https:\/\/www.europesays.com\/fr\/wp-json\/wp\/v2\/users\/2"}],"replies":[{"embeddable":true,"href":"https:\/\/www.europesays.com\/fr\/wp-json\/wp\/v2\/comments?post=603635"}],"version-history":[{"count":0,"href":"https:\/\/www.europesays.com\/fr\/wp-json\/wp\/v2\/posts\/603635\/revisions"}],"wp:featuredmedia":[{"embeddable":true,"href":"https:\/\/www.europesays.com\/fr\/wp-json\/wp\/v2\/media\/603636"}],"wp:attachment":[{"href":"https:\/\/www.europesays.com\/fr\/wp-json\/wp\/v2\/media?parent=603635"}],"wp:term":[{"taxonomy":"category","embeddable":true,"href":"https:\/\/www.europesays.com\/fr\/wp-json\/wp\/v2\/categories?post=603635"},{"taxonomy":"post_tag","embeddable":true,"href":"https:\/\/www.europesays.com\/fr\/wp-json\/wp\/v2\/tags?post=603635"}],"curies":[{"name":"wp","href":"https:\/\/api.w.org\/{rel}","templated":true}]}}