{"id":60364,"date":"2025-04-28T22:47:09","date_gmt":"2025-04-28T22:47:09","guid":{"rendered":"https:\/\/www.europesays.com\/fr\/60364\/"},"modified":"2025-04-28T22:47:09","modified_gmt":"2025-04-28T22:47:09","slug":"atp-toni-nadal-beaucoup-de-gens-mont-demande-quel-etait-le-meilleur-moment-que-jai-vecu-avec-rafael-jai-eu-la-chance-de-vivre-des-moments-incroyables-mais-aucun-netait-aussi-beau-que-ses-de","status":"publish","type":"post","link":"https:\/\/www.europesays.com\/fr\/60364\/","title":{"rendered":"ATP > Toni Nadal : \u00ab\u00a0Beaucoup de gens m&rsquo;ont demand\u00e9 quel \u00e9tait le meilleur moment que j&rsquo;ai v\u00e9cu avec Rafael. J&rsquo;ai eu la chance de vivre des moments incroyables, mais aucun n&rsquo;\u00e9tait aussi beau que ses d\u00e9buts au club de tennis de Manacor\u00a0\u00bb"},"content":{"rendered":"<p>Dans des propos rapport\u00e9s par <a href=\"https:\/\/tennisuptodate.com\/atp\/i-was-lucky-to-live-through-some-incredible-moments-toni-nadal-shares-experience-of-working-with-nephew-rafael-nadal\" data-wpel-link=\"external\" target=\"_blank\" rel=\"nofollow external noopener\">Tennis Uptodate<\/a>, Toni Nadal a r\u00e9pondu \u00e0 une ques\u00adtion que beau\u00adcoup de monde lui a pos\u00e9 \u00e0 propos son travail avec son neveu, Rafa.\u00a0<\/p>\n<p><strong>\u00ab\u202fJe l\u2019ai dit \u00e0 maintes reprises, j\u2019ai pris beau\u00adcoup plus de plaisir \u00e0 entra\u00eener mon neveu quand il \u00e9tait petit que lors\u00adqu\u2019il \u00e9tait plus \u00e2g\u00e9. Toute ma vie, j\u2019ai beau\u00adcoup plus appr\u00e9ci\u00e9 l\u2019en\u00adtra\u00ee\u00adne\u00adment, car je pense que c\u2019est une \u00e9tape plus d\u00e9ci\u00adsive. Beaucoup m\u2019ont demand\u00e9 quel \u00e9tait le meilleur moment que j\u2019ai v\u00e9cu avec Rafael. J\u2019ai eu la chance de vivre des moments incroyables, mais aucun n\u2019\u00e9tait aussi beau que ses d\u00e9buts au club de tennis de Manacor, o\u00f9 nous essayions d\u2019am\u00e9\u00adliorer son coup droit, son revers ou son service.\u202f\u00bb<\/strong><\/p>\n<p class=\"post-published-date\" style=\"color: silver; font-size: 75%; text-align: left;\">Publi\u00e9 le lundi 28 avril 2025 \u00e0 17:55<\/p>\n","protected":false},"excerpt":{"rendered":"Dans des propos rapport\u00e9s par Tennis Uptodate, Toni Nadal a r\u00e9pondu \u00e0 une ques\u00adtion que beau\u00adcoup de monde&hellip;\n","protected":false},"author":2,"featured_media":60365,"comment_status":"","ping_status":"","sticky":false,"template":"","format":"standard","meta":{"footnotes":""},"categories":[1415],"tags":[1011,27,1960,60,1467],"class_list":{"0":"post-60364","1":"post","2":"type-post","3":"status-publish","4":"format-standard","5":"has-post-thumbnail","7":"category-tennis","8":"tag-fr","9":"tag-france","10":"tag-nadal","11":"tag-sports","12":"tag-tennis"},"share_on_mastodon":{"url":"https:\/\/pubeurope.com\/@fr\/114418027262949456","error":""},"_links":{"self":[{"href":"https:\/\/www.europesays.com\/fr\/wp-json\/wp\/v2\/posts\/60364","targetHints":{"allow":["GET"]}}],"collection":[{"href":"https:\/\/www.europesays.com\/fr\/wp-json\/wp\/v2\/posts"}],"about":[{"href":"https:\/\/www.europesays.com\/fr\/wp-json\/wp\/v2\/types\/post"}],"author":[{"embeddable":true,"href":"https:\/\/www.europesays.com\/fr\/wp-json\/wp\/v2\/users\/2"}],"replies":[{"embeddable":true,"href":"https:\/\/www.europesays.com\/fr\/wp-json\/wp\/v2\/comments?post=60364"}],"version-history":[{"count":0,"href":"https:\/\/www.europesays.com\/fr\/wp-json\/wp\/v2\/posts\/60364\/revisions"}],"wp:featuredmedia":[{"embeddable":true,"href":"https:\/\/www.europesays.com\/fr\/wp-json\/wp\/v2\/media\/60365"}],"wp:attachment":[{"href":"https:\/\/www.europesays.com\/fr\/wp-json\/wp\/v2\/media?parent=60364"}],"wp:term":[{"taxonomy":"category","embeddable":true,"href":"https:\/\/www.europesays.com\/fr\/wp-json\/wp\/v2\/categories?post=60364"},{"taxonomy":"post_tag","embeddable":true,"href":"https:\/\/www.europesays.com\/fr\/wp-json\/wp\/v2\/tags?post=60364"}],"curies":[{"name":"wp","href":"https:\/\/api.w.org\/{rel}","templated":true}]}}