{"id":603647,"date":"2025-12-16T19:57:12","date_gmt":"2025-12-16T19:57:12","guid":{"rendered":"https:\/\/www.europesays.com\/fr\/603647\/"},"modified":"2025-12-16T19:57:12","modified_gmt":"2025-12-16T19:57:12","slug":"la-russie-a-declare-indesirable-le-media-allemand-deutsche-welle-interdisant-de-fait-ses-activites-dans-le-pays-en-plein-contexte-de-fortes-tensions-entre-moscou-et-berlin","status":"publish","type":"post","link":"https:\/\/www.europesays.com\/fr\/603647\/","title":{"rendered":"La Russie a d\u00e9clar\u00e9 \u00ab\u00a0ind\u00e9sirable\u00a0\u00bb le m\u00e9dia allemand Deutsche Welle, interdisant de fait ses activit\u00e9s dans le pays, en plein contexte de fortes tensions entre Moscou et Berlin"},"content":{"rendered":"<p>La Russie a d\u00e9clar\u00e9 \u00ab\u00a0ind\u00e9sirable\u00a0\u00bb le m\u00e9dia allemand Deutsche Welle, interdisant de fait ses activit\u00e9s dans le pays, en plein contexte de fortes tensions entre Moscou et Berlin autour du conflit en Ukraine, a-t-on appris mardi. La Deutsche Welle (DW), radio-t\u00e9l\u00e9vision internationale allemande qui diffuse \u00e9galement en langue russe, appara\u00eet sur la liste du minist\u00e8re russe de la Justice des \u00ab\u00a0organisations ind\u00e9sirables\u00a0\u00bb, a constat\u00e9 l&rsquo;AFP.<\/p>\n<p>DW, m\u00e9dia financ\u00e9 par l&rsquo;Etat allemand, avait d\u00e9j\u00e0 \u00e9t\u00e9 d\u00e9clar\u00e9 \u00ab\u00a0agent de l&rsquo;\u00e9tranger\u00a0\u00bb en Russie en 2022, autre classification qui impose d&rsquo;importantes contraintes dans le fonctionnement des m\u00e9dias vis\u00e9s.<\/p>\n<p>Le bureau de Moscou de DW avait \u00e9t\u00e9 ferm\u00e9 la m\u00eame ann\u00e9e. Apr\u00e8s des informations dans les m\u00e9dias la semaine derni\u00e8re sur l&rsquo;intention de la Russie de la d\u00e9clarer \u00ab\u00a0ind\u00e9sirable\u00a0\u00bb, la Deutsche Welle avait d\u00e9nonc\u00e9 dans un communiqu\u00e9 une \u00ab\u00a0nouvelle tentative de faire taire les m\u00e9dias libres\u00a0\u00bb.<\/p>\n<p>\u00ab\u00a0La Russie peut nous qualifier d&rsquo;organisation ind\u00e9sirable, mais cela ne nous dissuadera pas\u00a0\u00bb, avait ajout\u00e9 ce m\u00e9dia. Le porte-parole du gouvernement allemand, Stefan Kornelius, avait de son c\u00f4t\u00e9 estim\u00e9 que cette d\u00e9cision prouve que \u00ab\u00a0le pouvoir russe craint l&rsquo;information ind\u00e9pendante, en particulier au sujet de la guerre d&rsquo;agression contre l&rsquo;Ukraine\u00a0\u00bb.<\/p>\n<p>Cette d\u00e9cision intervient en plein pic de tensions avec Berlin, qui est l&rsquo;un des principaux soutiens de l&rsquo;Ukraine au sein de l&rsquo;Union europ\u00e9enne.<\/p>\n<p>La semaine derni\u00e8re, le chancelier allemand Friedrich Merz avait compar\u00e9 le pr\u00e9sident russe Vladimir Poutine \u00e0 Hitler en assurant que son objectif \u00e9tait \u00ab\u00a0la restauration de l&rsquo;ancienne Union sovi\u00e9tique dans ses fronti\u00e8res\u00a0\u00bb.<\/p>\n<p>En novembre 2024, la Russie avait expuls\u00e9 deux journalistes du groupe audiovisuel public allemand ARD en r\u00e9ponse \u00e0 la fermeture en Allemagne du bureau local de la cha\u00eene de t\u00e9l\u00e9vision russe Pervy Kanal.<\/p>\n<p>Plusieurs m\u00e9dias internationaux ont \u00e9t\u00e9 d\u00e9clar\u00e9s \u00ab\u00a0ind\u00e9sirables\u00a0\u00bb par la Russie ces derni\u00e8res ann\u00e9es, dont Radio Free Europe\/Radio Liberty (RFE\/RL), financ\u00e9 par le Congr\u00e8s am\u00e9ricain ou encore le m\u00e9dia d&rsquo;investigation Bellingcat.<\/p>\n","protected":false},"excerpt":{"rendered":"La Russie a d\u00e9clar\u00e9 \u00ab\u00a0ind\u00e9sirable\u00a0\u00bb le m\u00e9dia allemand Deutsche Welle, interdisant de fait ses activit\u00e9s dans le pays,&hellip;\n","protected":false},"author":2,"featured_media":603648,"comment_status":"","ping_status":"","sticky":false,"template":"","format":"standard","meta":{"footnotes":""},"categories":[1591],"tags":[11,672,1887,12,1885,1886,132,9965],"class_list":{"0":"post-603647","1":"post","2":"type-post","3":"status-publish","4":"format-standard","5":"has-post-thumbnail","7":"category-russie","8":"tag-actualites","9":"tag-allemagne","10":"tag-federation-de-russie","11":"tag-news","12":"tag-russia","13":"tag-russian-federation","14":"tag-russie","15":"tag-tensions"},"share_on_mastodon":{"url":"https:\/\/pubeurope.com\/@fr\/115731014874303721","error":""},"_links":{"self":[{"href":"https:\/\/www.europesays.com\/fr\/wp-json\/wp\/v2\/posts\/603647","targetHints":{"allow":["GET"]}}],"collection":[{"href":"https:\/\/www.europesays.com\/fr\/wp-json\/wp\/v2\/posts"}],"about":[{"href":"https:\/\/www.europesays.com\/fr\/wp-json\/wp\/v2\/types\/post"}],"author":[{"embeddable":true,"href":"https:\/\/www.europesays.com\/fr\/wp-json\/wp\/v2\/users\/2"}],"replies":[{"embeddable":true,"href":"https:\/\/www.europesays.com\/fr\/wp-json\/wp\/v2\/comments?post=603647"}],"version-history":[{"count":0,"href":"https:\/\/www.europesays.com\/fr\/wp-json\/wp\/v2\/posts\/603647\/revisions"}],"wp:featuredmedia":[{"embeddable":true,"href":"https:\/\/www.europesays.com\/fr\/wp-json\/wp\/v2\/media\/603648"}],"wp:attachment":[{"href":"https:\/\/www.europesays.com\/fr\/wp-json\/wp\/v2\/media?parent=603647"}],"wp:term":[{"taxonomy":"category","embeddable":true,"href":"https:\/\/www.europesays.com\/fr\/wp-json\/wp\/v2\/categories?post=603647"},{"taxonomy":"post_tag","embeddable":true,"href":"https:\/\/www.europesays.com\/fr\/wp-json\/wp\/v2\/tags?post=603647"}],"curies":[{"name":"wp","href":"https:\/\/api.w.org\/{rel}","templated":true}]}}