{"id":603649,"date":"2025-12-16T19:58:13","date_gmt":"2025-12-16T19:58:13","guid":{"rendered":"https:\/\/www.europesays.com\/fr\/603649\/"},"modified":"2025-12-16T19:58:13","modified_gmt":"2025-12-16T19:58:13","slug":"les-europeens-sont-ils-favorables-a-lutilisation-de-largent-russe-gele-pour-soutenir-lukraine","status":"publish","type":"post","link":"https:\/\/www.europesays.com\/fr\/603649\/","title":{"rendered":"Les Europ\u00e9ens sont-ils favorables \u00e0 l&rsquo;utilisation de l&rsquo;argent russe gel\u00e9 pour soutenir l&rsquo;Ukraine\u00a0?"},"content":{"rendered":"<p>\u00c0 la veille du sommet du Conseil europ\u00e9en, au cours duquel les dirigeants de l&rsquo;UE d\u00e9cideront du financement de l&rsquo;Ukraine, un nouveau sondage YouGov montre que les principaux pays europ\u00e9ens ont tendance \u00e0 soutenir l&rsquo;utilisation des fonds russes gel\u00e9s pour apporter une aide financi\u00e8re \u00e0 ce pays d\u00e9chir\u00e9 par la guerre.<\/p>\n<p>La majorit\u00e9 des Britanniques, des Polonais, des Allemands et des Espagnols interrog\u00e9s sont favorables \u00e0 l&rsquo;utilisation des fonds russes gel\u00e9s sur des comptes bancaires europ\u00e9ens pour financer une aide suppl\u00e9mentaire \u00e0 l&rsquo;Ukraine.<\/p>\n<p>Toutefois, l&rsquo;Italie fait figure d&rsquo;exception, les Italiens \u00e9tant tr\u00e8s divis\u00e9s sur la question, 39 % d&rsquo;entre eux la soutenant et 38 % s&rsquo;y opposant.<\/p>\n<p>Les experts affirment que la division de l&rsquo;Italie refl\u00e8te \u00ab\u00a0une fracture plus profonde dans son paysage politique\u00a0\u00bb, en particulier en ce qui concerne une faction \u00ab\u00a0pro-Ukraine\u00a0\u00bb au sein du gouvernement du premier ministre Giorgia Meloni lorsqu&rsquo;il s&rsquo;agit de s\u00e9curit\u00e9, par rapport \u00e0 une partie de la coalition au pouvoir sous Matteo Salvini qui est g\u00e9n\u00e9ralement plus favorable \u00e0 la Russie et anti-UE.<\/p>\n<p>\u00ab\u00a0Cette division expose la position ambivalente de l&rsquo;Italie au sein de l&rsquo;UE, prise entre le d\u00e9sir d&rsquo;\u00eatre un acteur majeur \u00e0 la table europ\u00e9enne tout en maintenant des r\u00e9cits politiques int\u00e9rieurs qui sont souvent eurosceptiques \u00ab\u00a0, a d\u00e9clar\u00e9 Alberto Alemanno, professeur Jean Monnet de droit et de politique de l&rsquo;Union europ\u00e9enne \u00e0 HEC Paris, \u00e0 Europe in Motion.<\/p>\n<p>\u00c9tant donn\u00e9 que de nombreuses grandes \u00e9conomies europ\u00e9ennes sont \u00e0 court d&rsquo;argent et cribl\u00e9es de dettes, les pays de l&rsquo;UE souhaitent financer la d\u00e9fense de l&rsquo;Ukraine en utilisant les 210 milliards d&rsquo;euros d&rsquo;actifs de la Banque centrale russe qui ont \u00e9t\u00e9 immobilis\u00e9s en vertu des sanctions de l&rsquo;UE depuis f\u00e9vrier 2022.<\/p>\n<p>La Commission europ\u00e9enne a fait pression sur la Belgique pour qu&rsquo;elle accepte un pr\u00eat de r\u00e9paration sans pr\u00e9c\u00e9dent pour l&rsquo;Ukraine, ce qui inqui\u00e8te le gouvernement, car 185 milliards d&rsquo;euros de ces actifs sont d\u00e9tenus par Euroclear, un d\u00e9positaire de titres situ\u00e9 \u00e0 Bruxelles.<\/p>\n<p>La Belgique cherche \u00e0 obtenir des garanties de la part des autres pays de l&rsquo;UE pour couvrir les pertes financi\u00e8res \u00e9ventuelles si la Russie gagne un proc\u00e8s contre la Belgique \u00e0 propos de ce nouveau plan, d&rsquo;autant plus que la Banque centrale russe a d\u00e9j\u00e0 intent\u00e9 un proc\u00e8s \u00e0 Euroclear.<\/p>\n<p>La Commission a tent\u00e9 d&rsquo;apaiser les inqui\u00e9tudes de la Belgique en offrant une s\u00e9rie de garanties et de sauvegardes destin\u00e9es \u00e0 annuler toute tentative d&rsquo;arbitrage. Pour \u00e9viter une crise soudaine de liquidit\u00e9s, l&rsquo;UE a immobilis\u00e9 les actifs russes pour une dur\u00e9e ind\u00e9termin\u00e9e.<\/p>\n<p>Toutefois, l&rsquo;Italie, la Bulgarie, la R\u00e9publique tch\u00e8que et Malte ont rejoint la Belgique vendredi dans une d\u00e9claration commune appelant la Commission \u00e0 explorer des \u00ab\u00a0solutions alternatives\u00a0\u00bb avec des \u00ab\u00a0param\u00e8tres pr\u00e9visibles\u00a0\u00bb et des \u00ab\u00a0risques nettement moindres\u00a0\u00bb.<\/p>\n<p>L&rsquo;Italie a \u00e9galement gel\u00e9 environ 2,3 milliards d&rsquo;euros d&rsquo;actifs d&rsquo;oligarques russes depuis l&rsquo;invasion de l&rsquo;Ukraine en 2022, selon les donn\u00e9es fournies par les autorit\u00e9s italiennes.<\/p>\n<p>\u00ab\u00a0De nombreux Italiens per\u00e7oivent leur \u00e9conomie comme particuli\u00e8rement vuln\u00e9rable aux perturbations \u00e9nerg\u00e9tiques et aux mesures de r\u00e9torsion, ce qui les rend plus averses au risque que les pays d&rsquo;Europe du Nord dont les structures \u00e9conomiques et le bouquet \u00e9nerg\u00e9tique sont diff\u00e9rents\u00a0\u00bb, a d\u00e9clar\u00e9 Alberto Alemanno. \u00ab\u00a0Ils s&rsquo;inqui\u00e8tent \u00e9galement du risque de cr\u00e9er un pr\u00e9c\u00e9dent en mati\u00e8re d&rsquo;armement des instruments financiers qui pourrait nuire aux int\u00e9r\u00eats \u00e9conomiques et aux normes juridiques de l&rsquo;Europe.\u00a0\u00bb<\/p>\n<p>Le soutien in\u00e9branlable se poursuit-il ?<\/p>\n<p>Malgr\u00e9 les probl\u00e8mes de financement, la plupart des pays europ\u00e9ens continuent de soutenir l&rsquo;octroi d&rsquo;une aide mon\u00e9taire \u00e0 l&rsquo;Ukraine, alors que l&rsquo;invasion russe fait rage.<\/p>\n<p>Les citoyens interrog\u00e9s au Royaume-Uni, en Allemagne, en France, en Pologne et en Espagne estiment toujours qu&rsquo;il est juste de soutenir financi\u00e8rement l&rsquo;Ukraine, avec un soutien allant de 73 % \u00e0 50 %.<\/p>\n<p>En revanche, les Italiens sont une fois de plus divis\u00e9s dans leurs opinions, 44 % d&rsquo;entre eux soutenant la d\u00e9marche et 34 % s&rsquo;y opposant.<\/p>\n<p>\u00ab\u00a0Cela se traduit par un soutien \u00e0 des principes abstraits de souverainet\u00e9 tout en remettant en question les co\u00fbts concrets d&rsquo;un engagement financier soutenu, en particulier lorsque les citoyens italiens &#8211; comme tout autre citoyen de l&rsquo;UE &#8211; font face \u00e0 leurs propres co\u00fbts \u00e9conomiques\u00a0\u00bb, a d\u00e9clar\u00e9 Alberto Alemanno \u00e0 Europe in Motion.<\/p>\n<p>Il existe \u00e9galement une division au sein de chaque pays sur la question de savoir si le niveau de soutien accord\u00e9 \u00e0 l&rsquo;Ukraine est trop faible, trop \u00e9lev\u00e9 ou \u00e0 peu pr\u00e8s correct.<\/p>\n<p>L&rsquo;Allemagne est l&rsquo;un des cinq pays de l&rsquo;UE o\u00f9 la proportion de personnes interrog\u00e9es estimant que le soutien est trop important est la plus \u00e9lev\u00e9e (34 %), tandis que 36 % des Polonais affirment que le niveau de soutien est correct.<\/p>\n<p>En ce qui concerne l&rsquo;OTAN, la Russie veut emp\u00eacher l&rsquo;Ukraine de rejoindre l&rsquo;alliance, alors que l&rsquo;Europe ne l&rsquo;exclut pas.<\/p>\n<p>Parmi les pays de l&rsquo;UE interrog\u00e9s, les Espagnols sont les plus favorables \u00e0 l&rsquo;adh\u00e9sion de l&rsquo;Ukraine, tandis que d&rsquo;autres soutiennent l&rsquo;adh\u00e9sion de l&rsquo;Ukraine par des marges plus \u00e9troites, entre 42 % et 47 %.<\/p>\n","protected":false},"excerpt":{"rendered":"\u00c0 la veille du sommet du Conseil europ\u00e9en, au cours duquel les dirigeants de l&rsquo;UE d\u00e9cideront du financement&hellip;\n","protected":false},"author":2,"featured_media":603650,"comment_status":"","ping_status":"","sticky":false,"template":"","format":"standard","meta":{"footnotes":""},"categories":[1590],"tags":[11,1777,674,3482,12,468,220,364],"class_list":{"0":"post-603649","1":"post","2":"type-post","3":"status-publish","4":"format-standard","5":"has-post-thumbnail","7":"category-ukraine","8":"tag-actualites","9":"tag-eu","10":"tag-europe","11":"tag-guerre-russie-ukraine","12":"tag-news","13":"tag-pret","14":"tag-ukraine","15":"tag-union-europeenne"},"share_on_mastodon":{"url":"https:\/\/pubeurope.com\/@fr\/115731018992187729","error":""},"_links":{"self":[{"href":"https:\/\/www.europesays.com\/fr\/wp-json\/wp\/v2\/posts\/603649","targetHints":{"allow":["GET"]}}],"collection":[{"href":"https:\/\/www.europesays.com\/fr\/wp-json\/wp\/v2\/posts"}],"about":[{"href":"https:\/\/www.europesays.com\/fr\/wp-json\/wp\/v2\/types\/post"}],"author":[{"embeddable":true,"href":"https:\/\/www.europesays.com\/fr\/wp-json\/wp\/v2\/users\/2"}],"replies":[{"embeddable":true,"href":"https:\/\/www.europesays.com\/fr\/wp-json\/wp\/v2\/comments?post=603649"}],"version-history":[{"count":0,"href":"https:\/\/www.europesays.com\/fr\/wp-json\/wp\/v2\/posts\/603649\/revisions"}],"wp:featuredmedia":[{"embeddable":true,"href":"https:\/\/www.europesays.com\/fr\/wp-json\/wp\/v2\/media\/603650"}],"wp:attachment":[{"href":"https:\/\/www.europesays.com\/fr\/wp-json\/wp\/v2\/media?parent=603649"}],"wp:term":[{"taxonomy":"category","embeddable":true,"href":"https:\/\/www.europesays.com\/fr\/wp-json\/wp\/v2\/categories?post=603649"},{"taxonomy":"post_tag","embeddable":true,"href":"https:\/\/www.europesays.com\/fr\/wp-json\/wp\/v2\/tags?post=603649"}],"curies":[{"name":"wp","href":"https:\/\/api.w.org\/{rel}","templated":true}]}}