{"id":603653,"date":"2025-12-16T20:00:19","date_gmt":"2025-12-16T20:00:19","guid":{"rendered":"https:\/\/www.europesays.com\/fr\/603653\/"},"modified":"2025-12-16T20:00:19","modified_gmt":"2025-12-16T20:00:19","slug":"les-etats-unis-suspendent-leur-partenariat-technologique-avec-le-royaume-uni","status":"publish","type":"post","link":"https:\/\/www.europesays.com\/fr\/603653\/","title":{"rendered":"Les \u00c9tats-Unis suspendent leur partenariat technologique avec le Royaume-Uni"},"content":{"rendered":"<p>Les Etats-Unis ont suspendu leur partenariat technologique avec le <a href=\"https:\/\/www.laprovence.com\/article\/france-monde\/6911888933419414\/trump-reclame-10-milliards-de-dollars-a-la-bbc-dans-une-plainte-pour-diffamation\" target=\"_blank\" rel=\"nofollow noopener\">Royaume-Uni <\/a>au motif que la mise en place des accords commerciaux conclus entre les deux pays ne progressait pas assez rapidement, a annonc\u00e9 mardi Michael Kratsios, conseiller de la Maison Blanche aux sciences et technologies. Ce partenariat porte sur plusieurs technologies de pointe, notamment l&rsquo;<a href=\"https:\/\/www.laprovence.com\/article\/economie\/1490632012106214\/verifier-tous-les-jours-100-des-composants-du-defibrillateur-la-pme-aixoise-locacoeur-mise-sur-lia\" target=\"_blank\" rel=\"nofollow noopener\">intelligence artificielle (IA)<\/a>, le nucl\u00e9aire civil ou l&rsquo;informatique quantique.<\/p>\n<p>L&rsquo;annonce d&rsquo;un compromis entre \u00c9tats-Unis et Royaume-Uni, d\u00e9but mai, avait fait grand bruit, car il s&rsquo;agissait des premiers accords commerciaux conclus par le gouvernement Trump apr\u00e8s la mise en place de droits de douane d\u00e9but avril.<\/p>\n<p>\u00ab\u00a0Nous esp\u00e9rons reprendre nos travaux avec le Royaume-Uni une fois qu&rsquo;ils auront fait des progr\u00e8s substantiels dans la mise en oeuvre de leurs engagements\u00a0\u00bb li\u00e9s aux accords commerciaux, a \u00e9crit Michael Kratsios sur le r\u00e9seau social X.<\/p>\n<p>Selon plusieurs m\u00e9dias, les discussions achopperaient encore sur plusieurs sujets, notamment la s\u00e9curit\u00e9 sanitaire pour les denr\u00e9es alimentaires et la r\u00e9gulation d&rsquo;internet. Les Etats-Unis souhaiteraient notamment ouvrir davantage les portes du march\u00e9 britannique \u00e0 leurs exportations agricoles.<\/p>\n<p>En vertu de l&rsquo;accord, le gouvernement am\u00e9ricain a r\u00e9duit \u00e0 10% ses droits de douane sur la plupart des produits export\u00e9s par le Royaume-Uni aux Etats-Unis.<\/p>\n","protected":false},"excerpt":{"rendered":"Les Etats-Unis ont suspendu leur partenariat technologique avec le Royaume-Uni au motif que la mise en place des&hellip;\n","protected":false},"author":2,"featured_media":603654,"comment_status":"","ping_status":"","sticky":false,"template":"","format":"standard","meta":{"footnotes":""},"categories":[1588],"tags":[17,11,3396,73,1777,674,329,151,3289,12,2766,473,1853,62898,23546,1851,1850,1852],"class_list":{"0":"post-603653","1":"post","2":"type-post","3":"status-publish","4":"format-standard","5":"has-post-thumbnail","7":"category-royaume-uni","8":"tag-17","9":"tag-actualites","10":"tag-avec","11":"tag-etats-unis","12":"tag-eu","13":"tag-europe","14":"tag-france-monde","15":"tag-les","16":"tag-leur","17":"tag-news","18":"tag-partenariat","19":"tag-royaume-uni","20":"tag-royaume-uni-de-grande-bretagne-et-dirlande-du-nord","21":"tag-suspendent","22":"tag-technologique","23":"tag-uk","24":"tag-united-kingdom","25":"tag-united-kingdom-of-great-britain-and-northern-ireland"},"share_on_mastodon":{"url":"https:\/\/pubeurope.com\/@fr\/115731026621613461","error":""},"_links":{"self":[{"href":"https:\/\/www.europesays.com\/fr\/wp-json\/wp\/v2\/posts\/603653","targetHints":{"allow":["GET"]}}],"collection":[{"href":"https:\/\/www.europesays.com\/fr\/wp-json\/wp\/v2\/posts"}],"about":[{"href":"https:\/\/www.europesays.com\/fr\/wp-json\/wp\/v2\/types\/post"}],"author":[{"embeddable":true,"href":"https:\/\/www.europesays.com\/fr\/wp-json\/wp\/v2\/users\/2"}],"replies":[{"embeddable":true,"href":"https:\/\/www.europesays.com\/fr\/wp-json\/wp\/v2\/comments?post=603653"}],"version-history":[{"count":0,"href":"https:\/\/www.europesays.com\/fr\/wp-json\/wp\/v2\/posts\/603653\/revisions"}],"wp:featuredmedia":[{"embeddable":true,"href":"https:\/\/www.europesays.com\/fr\/wp-json\/wp\/v2\/media\/603654"}],"wp:attachment":[{"href":"https:\/\/www.europesays.com\/fr\/wp-json\/wp\/v2\/media?parent=603653"}],"wp:term":[{"taxonomy":"category","embeddable":true,"href":"https:\/\/www.europesays.com\/fr\/wp-json\/wp\/v2\/categories?post=603653"},{"taxonomy":"post_tag","embeddable":true,"href":"https:\/\/www.europesays.com\/fr\/wp-json\/wp\/v2\/tags?post=603653"}],"curies":[{"name":"wp","href":"https:\/\/api.w.org\/{rel}","templated":true}]}}