{"id":603657,"date":"2025-12-16T20:03:12","date_gmt":"2025-12-16T20:03:12","guid":{"rendered":"https:\/\/www.europesays.com\/fr\/603657\/"},"modified":"2025-12-16T20:03:12","modified_gmt":"2025-12-16T20:03:12","slug":"voiture-electrique-pesticides-en-matiere-decologie-leurope-retrograde-liberation","status":"publish","type":"post","link":"https:\/\/www.europesays.com\/fr\/603657\/","title":{"rendered":"Voiture \u00e9lectrique, pesticides\u2026 en mati\u00e8re d\u2019\u00e9cologie, l\u2019Europe r\u00e9trograde \u2013 Lib\u00e9ration"},"content":{"rendered":"<p class=\"sc-cPiKLX AiZTS text-element\">Ce devait \u00eatre une r\u00e9volution syst\u00e9mique, l\u2019Europe allait devenir le premier continent neutre en carbone \u00e0 l\u2019horizon 2050, 100 % des voitures neuves vendues en Europe \u00e0 partir de 2035 seraient \u00abz\u00e9ro \u00e9mission de CO2\u00bb, le Vieux Continent se voyait en t\u00eate de pont d\u2019un nouveau monde, plus \u00e9cologique et plus sobre, sonnez hautbois, r\u00e9sonnez musettes ! Ce <a href=\"https:\/\/www.liberation.fr\/environnement\/pascal-canfin-en-sopposant-au-pacte-vert-jordan-bardella-est-lhomme-politique-francais-qui-genere-le-plus-de-flux-migratoires-20251126_2U5MDXS3TJCCHKMNQ4XFQYGWMQ\/\" target=\"_blank\" rel=\"noopener\" title=\"https:\/\/www.liberation.fr\/environnement\/pascal-canfin-en-sopposant-au-pacte-vert-jordan-bardella-est-lhomme-politique-francais-qui-genere-le-plus-de-flux-migratoires-20251126_2U5MDXS3TJCCHKMNQ4XFQYGWMQ\/\">\u00abPacte vert<\/a>\u00bb date de 2019, il y a six ans seulement, et cela nous semble remonter \u00e0 un si\u00e8cle, un autre espace-temps. Depuis, les climatosceptiques ont pris le contr\u00f4le des Etats-Unis, la Russie est de plus en plus mena\u00e7ante, la Chine inonde l\u2019Europe de ses produits et l\u2019extr\u00eame droite tisse sa toile un peu partout en torpillant tout ce qui peut aller \u00e0 l\u2019encontre des int\u00e9r\u00eats des entreprises, m\u00eame si cela doit affecter l\u2019avenir de la plan\u00e8te et la sant\u00e9 du consommateur. <\/p>\n<p class=\"sc-cPiKLX AiZTS text-element\"><a href=\"https:\/\/www.liberation.fr\/economie\/transports\/lunion-europeenne-met-un-coup-de-frein-a-linterdiction-des-voitures-thermiques-neuves-en-2035-20251216_RRUNFRYHYNHCRFDUGGPWN4YAGQ\/\" target=\"_blank\" rel=\"noopener\" title=\"https:\/\/www.liberation.fr\/economie\/transports\/lunion-europeenne-met-un-coup-de-frein-a-linterdiction-des-voitures-thermiques-neuves-en-2035-20251216_RRUNFRYHYNHCRFDUGGPWN4YAGQ\/\">En renon\u00e7ant, mardi, \u00e0 imposer aux constructeurs automobiles de passer au tout-\u00e9lectrique en 2035<\/a>, face \u00e0 la crise que traverse le secteur en Europe, Bruxelles a c\u00e9d\u00e9 aux pressions des Allemands, de la droite et de l\u2019extr\u00eame droite qui r\u00e9clamaient d\u2019autoriser \u00e0 nouveau une part limit\u00e9e de voitures thermiques afin de lutter contre la concurrence chinoise. Certes, ce n\u2019est pas la fin du \u00abPacte vert\u00bb, c\u2019est juste un coup de frein, motiv\u00e9 par un imp\u00e9ratif \u00e9conomique et industriel imm\u00e9diat. Mais Bruxelles a tendance \u00e0 beaucoup freiner ces temps-ci d\u00e8s qu\u2019il s\u2019agit d\u2019environnement. <\/p>\n<p class=\"sc-cPiKLX AiZTS text-element\">Mardi, la directive visant \u00e0 contraindre les grands groupes europ\u00e9ens de s\u2019assurer que leurs fournisseurs ne violent pas les droits humains et ne d\u00e9truisent pas l\u2019environnement (en r\u00e9action au <a href=\"https:\/\/www.liberation.fr\/planete\/2018\/04\/24\/bangladesh-cinq-ans-apres-le-drame-du-rana-plaza-l-heure-du-bilan_1645511\/\" target=\"_blank\" rel=\"noreferrer noopener\" title=\"https:\/\/www.liberation.fr\/planete\/2018\/04\/24\/bangladesh-cinq-ans-apres-le-drame-du-rana-plaza-l-heure-du-bilan_1645511\/\">drame du Rana Plaza en 2013<\/a>) a \u00e9t\u00e9 vid\u00e9e de sa substance et son entr\u00e9e en vigueur a encore \u00e9t\u00e9 repouss\u00e9e. Quant au m\u00e9canisme de r\u00e9\u00e9valuation des pesticides dans l\u2019UE, il a \u00e9t\u00e9 \u00absimplifi\u00e9\u00bb. On n\u2019est donc pas \u00e0 l\u2019abri que le \u00abd\u00e9tricotage\u00bb vert se poursuive. Les menaces politiques, \u00e9conomiques et militaires qui p\u00e8sent sur l\u2019Europe provoquent ces temps-ci un sauve-qui-peut qui pousse \u00e0 privil\u00e9gier le court terme. La d\u00e9fense de l\u2019environnement va devoir redevenir un combat.<\/p>\n","protected":false},"excerpt":{"rendered":"Ce devait \u00eatre une r\u00e9volution syst\u00e9mique, l\u2019Europe allait devenir le premier continent neutre en carbone \u00e0 l\u2019horizon 2050,&hellip;\n","protected":false},"author":2,"featured_media":603658,"comment_status":"","ping_status":"","sticky":false,"template":"","format":"standard","meta":{"footnotes":""},"categories":[1586],"tags":[11,1777,674,1011,27,12,25,364,3889],"class_list":{"0":"post-603657","1":"post","2":"type-post","3":"status-publish","4":"format-standard","5":"has-post-thumbnail","7":"category-europe","8":"tag-actualites","9":"tag-eu","10":"tag-europe","11":"tag-fr","12":"tag-france","13":"tag-news","14":"tag-republique-francaise","15":"tag-union-europeenne","16":"tag-voitures-electriques"},"share_on_mastodon":{"url":"https:\/\/pubeurope.com\/@fr\/115731038738768055","error":""},"_links":{"self":[{"href":"https:\/\/www.europesays.com\/fr\/wp-json\/wp\/v2\/posts\/603657","targetHints":{"allow":["GET"]}}],"collection":[{"href":"https:\/\/www.europesays.com\/fr\/wp-json\/wp\/v2\/posts"}],"about":[{"href":"https:\/\/www.europesays.com\/fr\/wp-json\/wp\/v2\/types\/post"}],"author":[{"embeddable":true,"href":"https:\/\/www.europesays.com\/fr\/wp-json\/wp\/v2\/users\/2"}],"replies":[{"embeddable":true,"href":"https:\/\/www.europesays.com\/fr\/wp-json\/wp\/v2\/comments?post=603657"}],"version-history":[{"count":0,"href":"https:\/\/www.europesays.com\/fr\/wp-json\/wp\/v2\/posts\/603657\/revisions"}],"wp:featuredmedia":[{"embeddable":true,"href":"https:\/\/www.europesays.com\/fr\/wp-json\/wp\/v2\/media\/603658"}],"wp:attachment":[{"href":"https:\/\/www.europesays.com\/fr\/wp-json\/wp\/v2\/media?parent=603657"}],"wp:term":[{"taxonomy":"category","embeddable":true,"href":"https:\/\/www.europesays.com\/fr\/wp-json\/wp\/v2\/categories?post=603657"},{"taxonomy":"post_tag","embeddable":true,"href":"https:\/\/www.europesays.com\/fr\/wp-json\/wp\/v2\/tags?post=603657"}],"curies":[{"name":"wp","href":"https:\/\/api.w.org\/{rel}","templated":true}]}}