{"id":603664,"date":"2025-12-16T20:07:28","date_gmt":"2025-12-16T20:07:28","guid":{"rendered":"https:\/\/www.europesays.com\/fr\/603664\/"},"modified":"2025-12-16T20:07:28","modified_gmt":"2025-12-16T20:07:28","slug":"vent-a-120-km-h-pluie-et-froid-attendus-des-le-17-decembre","status":"publish","type":"post","link":"https:\/\/www.europesays.com\/fr\/603664\/","title":{"rendered":"vent \u00e0 120 km\/h, pluie et froid attendus d\u00e8s le 17 d\u00e9cembre"},"content":{"rendered":"<p>Par <a class=\"author_recette\" id=\"author_name\" href=\"https:\/\/www.nextplz.fr\/auteur\/laurent-fourviere\" target=\"_blank\" rel=\"noopener\">Laurent<br \/>\nFourvi\u00e8re<\/a> &#8211;<br \/>\nPubli\u00e9 le 16 D\u00e9c 2025 \u00e0<br \/>\n20:00<\/p>\n<p class=\"article-intro excerpt\">Apr\u00e8s des temp\u00e9ratures<br \/>\nparticuli\u00e8rement douces, il faut s\u2019attendre \u00e0 une M\u00e9t\u00e9o moins<br \/>\ncl\u00e9mente avec des vents violents et de la pluie.<\/p>\n<p>Alors que les f\u00eates de fin d\u2019ann\u00e9e se rapprochent de plus en<br \/>\nplus, la m\u00e9t\u00e9o reste cl\u00e9mente. En effet, <a href=\"https:\/\/www.nextplz.fr\/lifestyle\/521828-meteo-france-une-douceur-inattendue-mais-un-voile-tenace-pourrait-tout-gacher-ce-week-end\" target=\"_blank\" rel=\"noopener\"><br \/>\nles temp\u00e9ratures sont particuli\u00e8rement douces en France<\/a>. De<br \/>\nquoi faire le bonheur de nombreuses personnes. Cependant, les<br \/>\nchoses peuvent rapidement prendre une autre tournure.<\/p>\n<p>Une menace<br \/>\nexplosive arrive de l\u2019Atlantique<\/p>\n<p>Si certaines profitent d\u2019un temps plus t\u00f4t agr\u00e9able pour la<br \/>\nsaison, d\u2019autres doivent faire face \u00e0 la force de la nature. C\u2019est<br \/>\nle cas des personnes vivant dans le Sud-Est et la Corse. <strong>\u00c0<br \/>\ncause des restes de la temp\u00eate Emilia,<\/strong> nomm\u00e9e par<br \/>\nl\u2019Espagne, ces zones sont arros\u00e9es sans aucune piti\u00e9. D\u2019ailleurs,<br \/>\n<a href=\"https:\/\/www.nextplz.fr\/lifestyle\/514591-meteo-vigilance-orange-fortes-pluies-et-neige-en-cascade-les-previsions-du-week-end-prolonge-du-11-novembre\" target=\"_blank\" rel=\"noopener\"><br \/>\nune dizaine de d\u00e9partements ont \u00e9t\u00e9 plac\u00e9s en vigilance<br \/>\npluie-inondations et orages<\/a>. <strong>Une m\u00e9t\u00e9o qui dura jusqu\u00a0\u00bb\u00e0<br \/>\nce mercredi matin.<\/strong> Mais alors que cette temp\u00eate vient de<br \/>\npasser, les pr\u00e9visionnistes ont d\u00e9j\u00e0 le regard riv\u00e9 sur<br \/>\nl\u2019Atlantique. En effet, une autre d\u00e9pression est en train de se<br \/>\ncreuser. Et ce, de fa\u00e7on explosive. Le tout en moins de 24 heures.<br \/>\n<strong>Cette formation va apporter des vents violents et de la<br \/>\npluie ce mercredi 17 d\u00e9cembre et ce jeudi 18 d\u00e9cembre<br \/>\n2025<\/strong>. Les zones touch\u00e9es ? L\u2019ouest, entre la Bretagne, la<br \/>\nNormandie et les Hauts-de-France.<\/p>\n<p>M\u00e9t\u00e9o :<br \/>\ndes vents violents de plus de 100 km\/h attendus<\/p>\n<p>Pr\u00e9parez-vous \u00e0 un v\u00e9ritable d\u00e9luge. Les mod\u00e8les m\u00e9t\u00e9o annoncent<br \/>\n<strong>l\u2019arriv\u00e9e imminente de rafales atteignant 120<br \/>\nkm\/h<\/strong>. En plus de ces vents violents, il faut s\u2019attendre \u00e0<br \/>\nde fortes pluies et une houle impressionnante sur tout le littoral<br \/>\net la Manche. Mais attention, ce n\u2019est pas une simple temp\u00eate.<br \/>\nComme le d\u00e9taille le m\u00e9t\u00e9orologue Yann Amice, <strong>ce syst\u00e8me<br \/>\nest n\u00e9 au large de la c\u00f4te Est des \u00c9tats-Unis<\/strong>. Cette<br \/>\nperturbation r\u00e9pond aux crit\u00e8res de la terrifiante \u201cbombe<br \/>\nm\u00e9t\u00e9orologique\u201d ou \u201ccyclogen\u00e8se explosive\u201d.<\/p>\n<p>Vu que cela ne permet toujours pas d\u2019avoir une vision de ce que<br \/>\nrepr\u00e9sente cette temp\u00eate, tournons-nous vers les chiffres. D\u2019apr\u00e8s<br \/>\nles mod\u00e9lisations du Centre europ\u00e9en pour les pr\u00e9visions<br \/>\nm\u00e9t\u00e9orologiques \u00e0 moyen terme, l\u2019Ecmwf, il faut s\u2019attendre \u00e0 une<br \/>\nchute de pression atmosph\u00e9rique vertigineuse de plus de 42 hPa en<br \/>\n24 heures. \u201c\u00c0 ces latitudes, m\u00eame en plein hiver,<br \/>\n<strong>une telle chute de pression en si peu de temps reste<br \/>\nexceptionnelle<\/strong>, c\u2019est un record depuis<br \/>\n1950\u201d, pr\u00e9cise Yann Amice comme le r\u00e9v\u00e8le Actu.fr.<\/p>\n<p>\u201cCette d\u00e9pression se classe parmi les plus creuses observ\u00e9es sur<br \/>\nl&rsquo;Atlantique\u201d<\/p>\n<p>Suite \u00e0 cette chute de pression, des vents particuli\u00e8rement<br \/>\nviolents se formeront au milieu de l\u2019Atlantique. <strong>Des<br \/>\nrafales pouvant atteindre plus de 150 km\/h.<\/strong> Des chiffres<br \/>\ncomparables \u00e0 celui d\u2019un ouragan. Mais cela donnera naissance \u00e0 une<br \/>\nhoule qui pourrait d\u00e9passer les 15 m\u00e8tres. De quoi inqui\u00e9ter.<br \/>\n\u201cAvec un minimum mod\u00e9lis\u00e9 autour de 933 hectopascals, cette<br \/>\nd\u00e9pression se classe parmi les d\u00e9pressions atlantiques les plus<br \/>\ncreuses observ\u00e9es sur l&rsquo;Atlantique nord ces derni\u00e8res<br \/>\nd\u00e9cennies\u201d, a r\u00e9v\u00e9l\u00e9 le m\u00e9t\u00e9orologue. Avant d\u2019ajouter :<br \/>\n\u201c<strong>On attend une houle \u00e0 plus de 15 m\u00e8tres et des vagues<br \/>\n\u00e0 plus de 25-30 m\u00e8tres au milieu de l\u2019Atlantique<br \/>\n!<\/strong>\u201d<\/p>\n<p>Le nord de la<br \/>\nFrance particuli\u00e8rement touch\u00e9<\/p>\n<p>Face \u00e0 cette impressionnante d\u00e9pression, l\u2019inqui\u00e9tude grandit.<br \/>\nMais les Fran\u00e7ais peuvent souffler. Cette derni\u00e8re va remonter vers<br \/>\nl\u2019Islande. Du coup, elle ne frappera aucune terre habit\u00e9e.<br \/>\nToutefois, ce n\u2019est pas parce que cette perturbation ne touchera<br \/>\npas la France qu\u2019elle n\u2019aura aucune cons\u00e9quence. En effet,<br \/>\n<strong>son impact se fera plus sentir sur le nord des \u00celes<br \/>\nBritanniques qu\u2019en France<\/strong> d\u2019ici ce vendredi 19 d\u00e9cembre<br \/>\n2025.<\/p>\n<p>Mais si on a droit \u00e0 cette m\u00e9t\u00e9o, c\u2019est \u00e0 cause d\u2019un choc des<br \/>\ntitans dans l\u2019atmosph\u00e8re. Un mariage explosif se cr\u00e9era dans<br \/>\nl\u2019atmosph\u00e8re entre l\u2019air subtropical, remontant de l\u2019Atlantique, et<br \/>\nl\u2019air polaire continental, extr\u00eamement froid qui d\u00e9ferle de l\u2019est<br \/>\ndu Canada. Un cocktail qui agira comme un acc\u00e9l\u00e9rateur de la chute<br \/>\nde pression comme le pr\u00e9cise le m\u00e9t\u00e9orologue. R\u00e9sultat ? <strong>Il<br \/>\nfaut s\u2019attendre \u00e0 des pluies soutenues et un vent sensible<\/strong><br \/>\nqui balayeront une bonne partie du nord de l\u2019Hexagone ce mercredi<br \/>\nsoir et jeudi 18 d\u00e9cembre 2025.<\/p>\n","protected":false},"excerpt":{"rendered":"Par Laurent Fourvi\u00e8re &#8211; Publi\u00e9 le 16 D\u00e9c 2025 \u00e0 20:00 Apr\u00e8s des temp\u00e9ratures particuli\u00e8rement douces, il faut&hellip;\n","protected":false},"author":2,"featured_media":603665,"comment_status":"","ping_status":"","sticky":false,"template":"","format":"standard","meta":{"footnotes":""},"categories":[4],"tags":[11,21303,1011,27,12,25,65861],"class_list":{"0":"post-603664","1":"post","2":"type-post","3":"status-publish","4":"format-standard","5":"has-post-thumbnail","7":"category-france","8":"tag-actualites","9":"tag-buzz_nonli","10":"tag-fr","11":"tag-france","12":"tag-news","13":"tag-republique-francaise","14":"tag-trend"},"share_on_mastodon":{"url":"https:\/\/pubeurope.com\/@fr\/115731054178952734","error":""},"_links":{"self":[{"href":"https:\/\/www.europesays.com\/fr\/wp-json\/wp\/v2\/posts\/603664","targetHints":{"allow":["GET"]}}],"collection":[{"href":"https:\/\/www.europesays.com\/fr\/wp-json\/wp\/v2\/posts"}],"about":[{"href":"https:\/\/www.europesays.com\/fr\/wp-json\/wp\/v2\/types\/post"}],"author":[{"embeddable":true,"href":"https:\/\/www.europesays.com\/fr\/wp-json\/wp\/v2\/users\/2"}],"replies":[{"embeddable":true,"href":"https:\/\/www.europesays.com\/fr\/wp-json\/wp\/v2\/comments?post=603664"}],"version-history":[{"count":0,"href":"https:\/\/www.europesays.com\/fr\/wp-json\/wp\/v2\/posts\/603664\/revisions"}],"wp:featuredmedia":[{"embeddable":true,"href":"https:\/\/www.europesays.com\/fr\/wp-json\/wp\/v2\/media\/603665"}],"wp:attachment":[{"href":"https:\/\/www.europesays.com\/fr\/wp-json\/wp\/v2\/media?parent=603664"}],"wp:term":[{"taxonomy":"category","embeddable":true,"href":"https:\/\/www.europesays.com\/fr\/wp-json\/wp\/v2\/categories?post=603664"},{"taxonomy":"post_tag","embeddable":true,"href":"https:\/\/www.europesays.com\/fr\/wp-json\/wp\/v2\/tags?post=603664"}],"curies":[{"name":"wp","href":"https:\/\/api.w.org\/{rel}","templated":true}]}}