{"id":603674,"date":"2025-12-16T20:15:15","date_gmt":"2025-12-16T20:15:15","guid":{"rendered":"https:\/\/www.europesays.com\/fr\/603674\/"},"modified":"2025-12-16T20:15:15","modified_gmt":"2025-12-16T20:15:15","slug":"clement-venturini-officiellement-fixe-pour-2026-actualite","status":"publish","type":"post","link":"https:\/\/www.europesays.com\/fr\/603674\/","title":{"rendered":"Cl\u00e9ment Venturini officiellement fix\u00e9 pour 2026 &#8211; Actualit\u00e9"},"content":{"rendered":"<p style=\"text-align: justify;\">Longtemps dans l\u2019inconnu \u00e0 la suite de l\u2019arr\u00eat de sa formation Ark\u00e9a-B&amp;B H\u00f4tels, <strong><a href=\"https:\/\/www.directvelo.com\/coureur\/5791\/clement-venturini\" target=\"_blank\" rel=\"noopener\">Cl\u00e9ment Venturini<\/a><\/strong>\u00a0s&rsquo;est engag\u00e9\u00a0pour 2026 du c\u00f4t\u00e9 de l\u2019\u00e9quipe Unibet Rose Rockets. La ProTeam fran\u00e7aise a officialis\u00e9 son arriv\u00e9e ce mardi soir alors que le Rhodanien se trouve en Espagne, avec ses nouveaux co\u00e9quipiers, depuis une semaine.\u00a0<\/p>\n<p style=\"text-align: justify;\">D\u2019abord r\u00e9put\u00e9 pour ses qualit\u00e9s de cyclo-crossman, l\u2019athl\u00e8te de 32 ans\u00a0compte sept titres de Champion de France de la discipline, lui qui a notamment remport\u00e9 les trois derni\u00e8res \u00e9ditions et le maillot tricolore \u00e0 Bagnoles-de-l\u2019Orne (2023), Camors (2024) et Pontch\u00e2teau (2025). <strong><a href=\"https:\/\/www.directvelo.com\/actualite\/125963\/clement-venturini-et-joshua-dubau-font-l-impasse-sur-la-saison-de-cyclo-cross\" target=\"_blank\" rel=\"noopener\">Il a fait le choix de ne pas courir dans les sous-bois cet hiver<\/a><\/strong>.<strong>\u00a0<\/strong><\/p>\n<p>Cl\u00e9ment Venturini n\u2019est pas en reste sur la route puisqu\u2019il compte \u00e0 son palmar\u00e8s le classement g\u00e9n\u00e9ral des 4 Jours de Dunkerque (2017) et une \u00e9tape de la Route d\u2019Occitanie (2018), au milieu d\u2019un grand nombre de places d\u2019honneur, gr\u00e2ce \u00e0 sa pointe de vitesse. Tr\u00e8s r\u00e9gulier sur les manches de Coupe de France &#8211; dont il a remport\u00e9 le classement final cette ann\u00e9e -, il s\u2019est class\u00e9 &#8211; au fil des saisons &#8211; 2e du Tro Bro Leon, du Tour du Finist\u00e8re, de Paris-Camembert, de la Route Ad\u00e9lie de Vitr\u00e9 ou encore de la Roue tourangelle.<\/p>\n<p>Il est\u00a0<strong><a href=\"https:\/\/www.directvelo.com\/equipe\/9048\/unibet-tietema-rockets\" target=\"_blank\" rel=\"noopener\">le sixi\u00e8me Fran\u00e7ais<\/a><\/strong> de l&rsquo;\u00e9quipe Unibet Rose Rockets pour 2026.\u00a0<\/p>\n<p>Retrouvez toutes les infos transferts de l\u2019intersaison 2025-2026 <strong><a href=\"https:\/\/www.directvelo.com\/mutations\/2026#teams-pro\" target=\"_blank\" rel=\"noopener\">en cliquant ici<\/a><\/strong>.\u00a0\u00a0<\/p>\n<p style=\"text-align: justify;\">\u00a0<\/p>\n","protected":false},"excerpt":{"rendered":"Longtemps dans l\u2019inconnu \u00e0 la suite de l\u2019arr\u00eat de sa formation Ark\u00e9a-B&amp;B H\u00f4tels, Cl\u00e9ment Venturini\u00a0s&rsquo;est engag\u00e9\u00a0pour 2026 du&hellip;\n","protected":false},"author":2,"featured_media":603675,"comment_status":"","ping_status":"","sticky":false,"template":"","format":"standard","meta":{"footnotes":""},"categories":[1411],"tags":[834,828,836,829,837,827,83,826,824,823,1154,207,814,817,815,816,822,821,832,211,839,1011,27,820,818,819,835,831,830,833,838,60,212,208,825],"class_list":{"0":"post-603674","1":"post","2":"type-post","3":"status-publish","4":"format-standard","5":"has-post-thumbnail","7":"category-cyclisme","8":"tag-attaque","9":"tag-belgique","10":"tag-braquet","11":"tag-bretagne","12":"tag-chute","13":"tag-competition","14":"tag-coupe-de-france","15":"tag-coureur","16":"tag-course-cyclisme","17":"tag-course-cycliste","18":"tag-cycling","19":"tag-cyclisme","20":"tag-direct","21":"tag-direct-velo","22":"tag-directvelo","23":"tag-directvelo-com","24":"tag-epreuve","25":"tag-epreuve-cycliste","26":"tag-federation-francaise-de-cyclisme","27":"tag-ffc","28":"tag-flandres","29":"tag-fr","30":"tag-france","31":"tag-live","32":"tag-live-course","33":"tag-live-epreuve","34":"tag-peloton","35":"tag-radio-peloton","36":"tag-radio-tour","37":"tag-ravitaillement","38":"tag-relance","39":"tag-sports","40":"tag-uci","41":"tag-velo","42":"tag-velos"},"share_on_mastodon":{"url":"https:\/\/pubeurope.com\/@fr\/115731085699220943","error":""},"_links":{"self":[{"href":"https:\/\/www.europesays.com\/fr\/wp-json\/wp\/v2\/posts\/603674","targetHints":{"allow":["GET"]}}],"collection":[{"href":"https:\/\/www.europesays.com\/fr\/wp-json\/wp\/v2\/posts"}],"about":[{"href":"https:\/\/www.europesays.com\/fr\/wp-json\/wp\/v2\/types\/post"}],"author":[{"embeddable":true,"href":"https:\/\/www.europesays.com\/fr\/wp-json\/wp\/v2\/users\/2"}],"replies":[{"embeddable":true,"href":"https:\/\/www.europesays.com\/fr\/wp-json\/wp\/v2\/comments?post=603674"}],"version-history":[{"count":0,"href":"https:\/\/www.europesays.com\/fr\/wp-json\/wp\/v2\/posts\/603674\/revisions"}],"wp:featuredmedia":[{"embeddable":true,"href":"https:\/\/www.europesays.com\/fr\/wp-json\/wp\/v2\/media\/603675"}],"wp:attachment":[{"href":"https:\/\/www.europesays.com\/fr\/wp-json\/wp\/v2\/media?parent=603674"}],"wp:term":[{"taxonomy":"category","embeddable":true,"href":"https:\/\/www.europesays.com\/fr\/wp-json\/wp\/v2\/categories?post=603674"},{"taxonomy":"post_tag","embeddable":true,"href":"https:\/\/www.europesays.com\/fr\/wp-json\/wp\/v2\/tags?post=603674"}],"curies":[{"name":"wp","href":"https:\/\/api.w.org\/{rel}","templated":true}]}}