{"id":603684,"date":"2025-12-16T20:21:12","date_gmt":"2025-12-16T20:21:12","guid":{"rendered":"https:\/\/www.europesays.com\/fr\/603684\/"},"modified":"2025-12-16T20:21:12","modified_gmt":"2025-12-16T20:21:12","slug":"serge-lama-les-nouvelles-ne-sont-pas-bonnes","status":"publish","type":"post","link":"https:\/\/www.europesays.com\/fr\/603684\/","title":{"rendered":"Serge Lama : les nouvelles ne sont pas bonnes"},"content":{"rendered":"<p>Serge Lama, figure embl\u00e9matique de la chanson fran\u00e7aise, traverse <a href=\"https:\/\/vsd.fr\/81140-serge-lama-tres-affaibli-fait-une-heureuse-annonce\/\" target=\"_blank\" rel=\"noopener\">une p\u00e9riode de sant\u00e9 difficile<\/a> depuis quelques ann\u00e9es. <a href=\"https:\/\/www.public.fr\/serge-lama-completement-devaste\" target=\"_blank\" rel=\"noopener\">\u00c0 82 ans<\/a>, l\u2019artiste est confront\u00e9 \u00e0 <strong>des douleurs chroniques<\/strong> et \u00e0 des probl\u00e8mes de mobilit\u00e9 qui affectent son quotidien.\u00a0<\/p>\n<p>Dans les colonnes de la Tribune du Dimanche, il a d\u00e9taill\u00e9 son \u00e9tat physique, \u00e9voquant l\u2019impact de ces difficult\u00e9s sur sa vie personnelle et professionnelle. <strong>L\u2019artiste ne se produit plus sur sc\u00e8ne<\/strong> et a mis sa <a href=\"https:\/\/www.public.fr\/serge-lama-trois-ans-apres-sa-retraite-un-biopic-en-preparation\" target=\"_blank\" rel=\"noopener\">carri\u00e8re artistique entre parenth\u00e8se.<\/a><\/p>\n<p>S&rsquo;il compte encore enregistrer un nouvel opus,\u00a0Serge Lama a en effet r\u00e9v\u00e9l\u00e9 qu\u2019il ne <strong>souhaitait plus remonter sur sc\u00e8ne \u00e0 cause de son \u00e9tat de sant\u00e9<\/strong> qui l\u2019emp\u00eache, notamment de se tenir debout sans souffrir.\u00a0<\/p>\n<p><strong>Des douleurs multiples et des s\u00e9quelles physiques importantes<\/strong><\/p>\n<p>Si le corps de Serge Lama le fait souffrir, c\u2019est en partie \u00e0 cause d\u2019un terrible accident de la route survenu dans les ann\u00e9es 1960. <strong>\u00ab\u00a0Mon corps est cass\u00e9 de partout\u00a0\u00bb<\/strong>, a affirm\u00e9 l\u2019interpr\u00e8te de <strong>Je suis malade<\/strong>, indiquant par la m\u00eame occasion que ses articulations et muscles se retrouvent fortement affect\u00e9s. En plus de ses s\u00e9quelles li\u00e9es au pass\u00e9, l\u2019usure naturelle li\u00e9e \u00e0 l\u2019\u00e2ge n\u2019arrange pas la situation du chanteur.<\/p>\n<p><strong>\u00ab\u00a0Je ne peux plus rester debout<\/strong>\u00ab\u00a0, a-t-il conc\u00e9d\u00e9 avant de reconna\u00eetre avoir fait face \u00e0 de nombreuses difficult\u00e9s au cours de sa vie :\u00a0\u00ab\u00a0<strong>Ma vie n&rsquo;a \u00e9t\u00e9 qu&rsquo;une suite de combats\u2009: la perte de mon grand amour, l&rsquo;hostilit\u00e9 du m\u00e9tier, des claques, des bides&#8230; <\/strong>Je me suis toujours senti un peu \u00e0 part dans ce milieu\u00a0\u00bb. N\u00e9anmoins, il reconna\u00eet avoir beaucoup de chance car \u00ab\u00a0on ne [l]\u2019a pas oubli\u00e9\u00a0\u00bb. \u00ab\u00a0\u00c0 82\u202fans, j&rsquo;ai enfin tout ce dont je r\u00eavais \u00e0 40\u00a0\u00bb, relativise-t-il.<\/p>\n<p>Mais aujourd\u2019hui, Serge Lama rencontre bel et bien des difficult\u00e9s pour se d\u00e9placer. La marche est devenue compliqu\u00e9e et demande un effort important \u00e0 l\u2019heure actuelle. Selon ses d\u00e9clarations aupr\u00e8s de la Tribune du Dimanche, il suit un suivi m\u00e9dical r\u00e9gulier pour g\u00e9rer ses sympt\u00f4mes et adapter son quotidien \u00e0 ses capacit\u00e9s physiques.<\/p>\n<p><strong>Fin de carri\u00e8re et retrait de la vie publique<\/strong> pour Serge Lama ? <\/p>\n<p>Serge Lama <a href=\"https:\/\/www.public.fr\/les-docteurs-ne-me-laissaient-aucune-chance-serge-lama-ressuscite-apres-un-terrible-accident\" target=\"_blank\" rel=\"noopener\">ne se produit plus sur sc\u00e8ne<\/a> depuis plusieurs ann\u00e9es en raison de ses probl\u00e8mes de sant\u00e9. Ses d\u00e9placements s&rsquo;av\u00e8rent limit\u00e9s et ses apparitions publiques de plus en plus rares, ce qui marque un retrait progressif de la vie artistique.<\/p>\n<p>Sa derni\u00e8re apparition sur une grande sc\u00e8ne pourront donc \u00eatre celle des Victoires de la musique. \u00ab\u00a0Je suis tr\u00e8s \u00e9mu parce que c&rsquo;est peut-\u00eatre la derni\u00e8re fois ce soir que je vois un public m&rsquo;acclamer debout. C&rsquo;est m\u00eame certainement la derni\u00e8re fois. <strong>Vous savez, j&rsquo;arr\u00eate les frais<\/strong>. Mon corps ne peut plus suivre, je ne veux pas chanter assis, je refuse cette \u00e9ventualit\u00e9. J&rsquo;ai eu une belle vie\u00a0\u00bb, l\u00e2chait Serge Lama, en larmes, sur la sc\u00e8ne des Victoires de la Musique, en recevant\u00a0<strong>une Victoire d&rsquo;honneur<\/strong>\u00a0en 2023.<\/p>\n<p>Et hors de question pour lui de chanter assis. Il y a quelques semaines, le chanteur de 82 ans accordait un entretien \u00e0 Paris Match en indiquant qu\u2019il ne se \u00ab\u00a0voyait pas chanter assis\u00a0\u00bb : \u00ab\u00a0<strong>\u00e7a me semblerait \u00e0 moi aussi irrespectueux vis-\u00e0-vis des spectateurs\u00a0\u00bb<\/strong>. \u00ab\u00a0Je veux qu\u2019ils gardent la meilleure image de moi possible\u00a0\u00bb, estimait-il, visiblement d\u00e9cid\u00e9 \u00e0 ne plus remonter sur sc\u00e8ne.\u00a0<\/p>\n<p>Comme \u00e9voqu\u00e9, cet \u00e9tat physique s\u2019inscrit majoritairement dans la continuit\u00e9 des s\u00e9quelles d\u2019un grave accident de la route survenu dans les ann\u00e9es 1960, qu\u2019il a lui-m\u00eame \u00e9voqu\u00e9 dans des interviews. Cet accident a laiss\u00e9 des blessures durables, et, combin\u00e9 \u00e0 l\u2019usure naturelle li\u00e9e \u00e0 l\u2019\u00e2ge, contribue aujourd\u2019hui aux douleurs et aux difficult\u00e9s de mobilit\u00e9 qu\u2019il rencontre au quotidien.<\/p>\n<p>\n          Hits &amp; People en continu\n        <\/p>\n<p>\n          Public Radio\n        <\/p>\n<p>      Mentionn\u00e9s dans cet article<\/p>\n<p>      Sur le m\u00eame sujet<\/p>\n","protected":false},"excerpt":{"rendered":"Serge Lama, figure embl\u00e9matique de la chanson fran\u00e7aise, traverse une p\u00e9riode de sant\u00e9 difficile depuis quelques ann\u00e9es. \u00c0&hellip;\n","protected":false},"author":2,"featured_media":603685,"comment_status":"","ping_status":"","sticky":false,"template":"","format":"standard","meta":{"footnotes":""},"categories":[1355],"tags":[58,59,1011,27,1361,873,10942],"class_list":{"0":"post-603684","1":"post","2":"type-post","3":"status-publish","4":"format-standard","5":"has-post-thumbnail","7":"category-musique","8":"tag-divertissement","9":"tag-entertainment","10":"tag-fr","11":"tag-france","12":"tag-music","13":"tag-musique","14":"tag-serge-lama"},"share_on_mastodon":{"url":"https:\/\/pubeurope.com\/@fr\/115731109237248298","error":""},"_links":{"self":[{"href":"https:\/\/www.europesays.com\/fr\/wp-json\/wp\/v2\/posts\/603684","targetHints":{"allow":["GET"]}}],"collection":[{"href":"https:\/\/www.europesays.com\/fr\/wp-json\/wp\/v2\/posts"}],"about":[{"href":"https:\/\/www.europesays.com\/fr\/wp-json\/wp\/v2\/types\/post"}],"author":[{"embeddable":true,"href":"https:\/\/www.europesays.com\/fr\/wp-json\/wp\/v2\/users\/2"}],"replies":[{"embeddable":true,"href":"https:\/\/www.europesays.com\/fr\/wp-json\/wp\/v2\/comments?post=603684"}],"version-history":[{"count":0,"href":"https:\/\/www.europesays.com\/fr\/wp-json\/wp\/v2\/posts\/603684\/revisions"}],"wp:featuredmedia":[{"embeddable":true,"href":"https:\/\/www.europesays.com\/fr\/wp-json\/wp\/v2\/media\/603685"}],"wp:attachment":[{"href":"https:\/\/www.europesays.com\/fr\/wp-json\/wp\/v2\/media?parent=603684"}],"wp:term":[{"taxonomy":"category","embeddable":true,"href":"https:\/\/www.europesays.com\/fr\/wp-json\/wp\/v2\/categories?post=603684"},{"taxonomy":"post_tag","embeddable":true,"href":"https:\/\/www.europesays.com\/fr\/wp-json\/wp\/v2\/tags?post=603684"}],"curies":[{"name":"wp","href":"https:\/\/api.w.org\/{rel}","templated":true}]}}