{"id":603690,"date":"2025-12-16T20:25:21","date_gmt":"2025-12-16T20:25:21","guid":{"rendered":"https:\/\/www.europesays.com\/fr\/603690\/"},"modified":"2025-12-16T20:25:21","modified_gmt":"2025-12-16T20:25:21","slug":"en-direct-ski-alpin-coupe-du-monde-shiffrin-solide-leader-chevrier-et-mcfarlane-dans-le-match-suivez-en-direct-le-slalom-dames-de-courchevel","status":"publish","type":"post","link":"https:\/\/www.europesays.com\/fr\/603690\/","title":{"rendered":"En direct Ski alpin &#8211; Coupe du monde. Shiffrin solide leader, Chevrier et McFarlane dans le match&#8230; Suivez en direct le slalom dames de Courchevel"},"content":{"rendered":"<p>Toutes derri\u00e8re et Mikaela Shiffrin bien devant. En toute logique, la star am\u00e9ricaine, laur\u00e9ate des trois premiers slaloms de la saison (Levi, Gurgl, Copper Mountain) a encore marqu\u00e9 son territoire d\u00e8s la premi\u00e8re manche dans la nuit de Courchevel. Elle a domin\u00e9 les d\u00e9bats avec 0\u2019\u201983 d\u2019avance sur la championne du monde Camille Rast. Lena Duerr, partie en \u00e9claireuse, est d\u00e9j\u00e0 \u00e0 1\u2019\u201916 dans un premier acte marqu\u00e9 par de nombreux abandons dont notamment ceux de Colturi, Ljutic (tenante du titre) et Liensberger.\u00a0<\/p>\n<p>Les Bleues jouent plac\u00e9es avec Marion Chevrier (12e, + 2\u2019\u201970) et Caitlin McFarlane (13e, + 2\u2019\u201972). Il y aura de quoi faire dans l\u2019explication finale \u00e0 20h45.\u00a0<\/p>\n<p>La locale Marie Lamure (18e, + 3\u2019\u201941) est encore en retrait apr\u00e8s son d\u00e9but de saison timide.<\/p>\n<p>Sans complexe pour sa deuxi\u00e8me Coupe du monde, la Haut-Alpine Marjolaine Ollier n\u2019est pas pass\u00e9e loin de la qualification (33e, + 4\u2019\u201970). Toujours \u00e0 la peine, Doriane Escan\u00e9 n\u2019a jamais \u00e9t\u00e9 dans l\u2019allure (46e , + 6\u2019\u201934).\u00a0<\/p>\n","protected":false},"excerpt":{"rendered":"Toutes derri\u00e8re et Mikaela Shiffrin bien devant. En toute logique, la star am\u00e9ricaine, laur\u00e9ate des trois premiers slaloms&hellip;\n","protected":false},"author":2,"featured_media":603691,"comment_status":"","ping_status":"","sticky":false,"template":"","format":"standard","meta":{"footnotes":""},"categories":[9],"tags":[451,27806,107,1701,1011,27,329,71581,71582,5508,14276,14279,14355,517,60,9589],"class_list":{"0":"post-603690","1":"post","2":"type-post","3":"status-publish","4":"format-standard","5":"has-post-thumbnail","7":"category-sports","8":"tag-coupe-du-monde","9":"tag-courchevel","10":"tag-fil-info","11":"tag-fil-info-sport","12":"tag-fr","13":"tag-france","14":"tag-france-monde","15":"tag-live-ski","16":"tag-live-ski-courchevel","17":"tag-savoie","18":"tag-ski-alpin","19":"tag-skichrono","20":"tag-slalom","21":"tag-sport","22":"tag-sports","23":"tag-sports-dhiver"},"share_on_mastodon":{"url":"https:\/\/pubeurope.com\/@fr\/115731125244885907","error":""},"_links":{"self":[{"href":"https:\/\/www.europesays.com\/fr\/wp-json\/wp\/v2\/posts\/603690","targetHints":{"allow":["GET"]}}],"collection":[{"href":"https:\/\/www.europesays.com\/fr\/wp-json\/wp\/v2\/posts"}],"about":[{"href":"https:\/\/www.europesays.com\/fr\/wp-json\/wp\/v2\/types\/post"}],"author":[{"embeddable":true,"href":"https:\/\/www.europesays.com\/fr\/wp-json\/wp\/v2\/users\/2"}],"replies":[{"embeddable":true,"href":"https:\/\/www.europesays.com\/fr\/wp-json\/wp\/v2\/comments?post=603690"}],"version-history":[{"count":0,"href":"https:\/\/www.europesays.com\/fr\/wp-json\/wp\/v2\/posts\/603690\/revisions"}],"wp:featuredmedia":[{"embeddable":true,"href":"https:\/\/www.europesays.com\/fr\/wp-json\/wp\/v2\/media\/603691"}],"wp:attachment":[{"href":"https:\/\/www.europesays.com\/fr\/wp-json\/wp\/v2\/media?parent=603690"}],"wp:term":[{"taxonomy":"category","embeddable":true,"href":"https:\/\/www.europesays.com\/fr\/wp-json\/wp\/v2\/categories?post=603690"},{"taxonomy":"post_tag","embeddable":true,"href":"https:\/\/www.europesays.com\/fr\/wp-json\/wp\/v2\/tags?post=603690"}],"curies":[{"name":"wp","href":"https:\/\/api.w.org\/{rel}","templated":true}]}}