{"id":603694,"date":"2025-12-16T20:27:35","date_gmt":"2025-12-16T20:27:35","guid":{"rendered":"https:\/\/www.europesays.com\/fr\/603694\/"},"modified":"2025-12-16T20:27:35","modified_gmt":"2025-12-16T20:27:35","slug":"lancement-ariane-6-decembre-2025-date-heure-et-direct-de-la-mission-galileo","status":"publish","type":"post","link":"https:\/\/www.europesays.com\/fr\/603694\/","title":{"rendered":"Lancement Ariane 6 (d\u00e9cembre 2025) : date, heure et direct de la mission Galileo"},"content":{"rendered":"<p>Derni\u00e8re grande \u00e9ch\u00e9ance pour Ariane 6 en 2025. La nouvelle fus\u00e9e lourde europ\u00e9enne doit effectuer sa quatri\u00e8me mission commerciale de l\u2019ann\u00e9e dans les tous prochains jours. Charge utile, horaires et enjeux : voici le programme du vol, que l\u2019on pourra suivre en direct.<\/p>\n<p>Le calendrier s\u2019acc\u00e9l\u00e8re \u00e0 Kourou, en Guyane fran\u00e7aise. Alors que la fin de l\u2019ann\u00e9e est imminente, Arianespace, <a href=\"https:\/\/www.numerama.com\/sciences\/2123173-rendez-vous-a-laube-ariane-6-senvolera-une-derniere-fois-cette-annee-avec-2-satellites-galileo.html\" target=\"_blank\" rel=\"noopener\">s\u2019appr\u00eate \u00e0 boucler un dernier tour de piste<\/a> : un quatri\u00e8me lancement commercial pour Ariane 6 en moins d\u2019un an, et l\u2019envie de finir sur une ultime note positive apr\u00e8s une premi\u00e8re s\u00e9rie de succ\u00e8s pour le nouveau lanceur lourd europ\u00e9en.<\/p>\n<p>Apr\u00e8s <a href=\"https:\/\/www.numerama.com\/sciences\/2100411-comment-suivre-en-direct-lenvol-dariane-6-et-le-satellite-sentinel-1d.html\" target=\"_blank\" rel=\"noopener\">la r\u00e9ussite de la mission Sentinel-1D<\/a> d\u00e9but novembre, les \u00e9quipes au centre spatial guyanais ont rapidement embray\u00e9 sur la mission VA266 : celle-ci vise \u00e0 consolider davantage l\u2019ind\u00e9pendance de l\u2019Europe en mati\u00e8re de navigation et de g\u00e9olocalisation, en \u00e9toffant un peu plus la <a href=\"https:\/\/www.numerama.com\/sciences\/858665-quest-ce-quune-constellation-detoiles.html\" data-popover-target=\"definition\" data-tag=\"Qu\u2019est-ce qu\u2019une constellation d\u2019\u00e9toiles\u00a0?\" data-chapo=\"Les constellations sont des groupes d&#039;\u00e9toiles servant de rep\u00e8re. Elles ont \u00e9t\u00e9 invent\u00e9es par des astronomes, il y a longtemps. Quelles sont les plus connues ? Quelle est la constellation la plus grande ?\" data-image=\"https:\/\/c0.lestechnophiles.com\/www.numerama.com\/wp-content\/uploads\/2022\/02\/constellations2-1024x576.jpg?key=0877b0c6\" target=\"_blank\" rel=\"noopener\">constellation<\/a> Galileo. Rendez-vous le 17 d\u00e9cembre 2025.<\/p>\n<p>Le vol de la fus\u00e9e Ariane 6 en r\u00e9sum\u00e9<\/p>\n<ul class=\"wp-block-list\">\n<li><strong>Quoi ?<\/strong> Le 4e vol commercial d\u2019Ariane 6 (mission VA266) ;<\/li>\n<li><strong>Quand ?<\/strong> Le 17 d\u00e9cembre 2025, \u00e0 06h01 (heure de Paris) ;<\/li>\n<li><strong>O\u00f9 ?<\/strong> Au Centre spatial guyanais (Kourou), \u00e0 destination de l\u2019orbite moyenne ;<\/li>\n<li><strong>Que verra-t-on ?<\/strong> Le d\u00e9collage nocturne d\u2019Ariane 6 avec deux satellites Galileo.<\/li>\n<\/ul>\n<p>O\u00f9 voir le lancement d\u2019Ariane 6 en direct ?<\/p>\n<p>Comme d\u2019habitude, une retransmission vid\u00e9o en direct sera assur\u00e9e par le CNES (Centre national d\u2019\u00e9tudes spatiales) et Arianespace pour assister en distanciel \u00e0 l\u2019\u00e9v\u00e8nement. En r\u00e8gle g\u00e9n\u00e9rale, le flux d\u00e9marre vingt \u00e0 trente minutes avant le d\u00e9collage du lanceur. Rendez-vous sur la cha\u00eene YouTube du CNES ou sur la web TV de l\u2019ESA.<\/p>\n<p>Vous devrez cependant r\u00e9gler votre r\u00e9veil pour assister au spectacle : le d\u00e9collage est fix\u00e9 \u00e0 06h01 du matin dans la m\u00e9tropole fran\u00e7aise. Pour les Guyanais, il sera 02h01 du matin. Ce cr\u00e9neau nocturne est un peu contraignant pour qui n\u2019aime pas se lever t\u00f4t, mais il a le m\u00e9rite d\u2019offrir souvent de belles images : les flammes d\u00e9chirant la nuit.<\/p>\n<\/p>\n<p>            Ce contenu est bloqu\u00e9 car vous n\u2019avez pas accept\u00e9 les cookies et autres traceurs. Ce contenu est fourni par YouTube.<br \/>Pour pouvoir le visualiser, vous devez accepter l\u2019usage \u00e9tant op\u00e9r\u00e9 par YouTube avec vos donn\u00e9es qui pourront \u00eatre utilis\u00e9es pour les finalit\u00e9s suivantes : vous permettre de visualiser et de partager des contenus avec des m\u00e9dias sociaux, favoriser le d\u00e9veloppement et l\u2019am\u00e9lioration des produits d\u2019Humanoid et de ses partenaires, vous afficher des publicit\u00e9s personnalis\u00e9es par rapport \u00e0 votre profil et activit\u00e9, vous d\u00e9finir un profil publicitaire personnalis\u00e9, mesurer la performance des publicit\u00e9s et du contenu de ce site et mesurer l\u2019audience de ce site <a href=\"#\" class=\"js-privacy\" target=\"_blank\">(en savoir plus)<\/a>        <\/p>\n<p>            En cliquant sur \u00ab J\u2019accepte tout \u00bb, vous consentez aux finalit\u00e9s susmentionn\u00e9es pour l\u2019ensemble des cookies et autres traceurs d\u00e9pos\u00e9s par Humanoid et <a class=\"embed-consent-overlay-vendors-link\" href=\"#preferences-vendeurs\">ses partenaires<\/a>.        <\/p>\n<p>            Vous gardez la possibilit\u00e9 de retirer votre consentement \u00e0 tout moment. Pour plus d\u2019informations, nous vous invitons \u00e0 prendre connaissance de notre <a href=\"https:\/\/www.numerama.com\/politique-cookies\" target=\"_blank\" rel=\"noopener\">Politique cookies<\/a>.        <\/p>\n<p>        J\u2019accepte tout    <\/p>\n<p class=\"embed-consent-overlay-manage-choices\">        <a href=\"#preferences-publicitaires\">G\u00e9rer mes choix<\/a>    <\/p>\n<p>Quelle est la mission VA266 d\u2019Arianespace ?<\/p>\n<p>C\u2019est une mission d\u2019enjeu strat\u00e9gique pour l\u2019Union europ\u00e9enne. Il s\u2019agit de muscler <a href=\"https:\/\/www.numerama.com\/sciences\/761613-au-fait-pourquoi-galileo-sappelle-galileo.html\" target=\"_blank\" rel=\"noopener\">Galileo<\/a>, le \u00ab GPS europ\u00e9en \u00bb, en ajoutant deux autres satellites \u00e0 la constellation. C\u2019est cette flotte d\u2019engins d\u00e9ploy\u00e9s en orbite qui permet \u00e0 de nombreux syst\u00e8mes, <a href=\"https:\/\/www.numerama.com\/tech\/412030-comment-savoir-si-son-smartphone-est-compatible-avec-galileo-le-gps-europeen.html\" target=\"_blank\" rel=\"noopener\">notamment les smartphones modernes<\/a>, de se localiser et de proposer des services de navigation.<\/p>\n<p>Galileo propose une finesse de mesure plus pr\u00e9cise que le GPS am\u00e9ricain (<a href=\"https:\/\/www.numerama.com\/tech\/1249372-galileo-peut-geolocaliser-presque-au-centimetre-pres-qui-peut-y-avoir-acces.html\" target=\"_blank\" rel=\"noopener\">au m\u00e8tre pr\u00e8s pour le service gratuit<\/a>) et, surtout, il assure une autonomie au Vieux Continent. Gr\u00e2ce \u00e0 Galileo, l\u2019Europe ne d\u00e9pend plus des signaux \u00e9trangers pour des services critiques dans les domaines du civil et du militaire. Essentiel en ces temps de crise transatlantique.<\/p>\n<p><a href=\"https:\/\/www.numerama.com\/wp-content\/uploads\/2023\/01\/galileo.jpg\" target=\"_blank\" rel=\"noopener\"><img decoding=\"async\" width=\"1024\" height=\"576\" loading=\"lazy\" alt=\"Galileo\" title=\"Galileo\" class=\"wp-image-1249460 placeholder-default wp-image\" src=\"https:\/\/www.europesays.com\/fr\/wp-content\/uploads\/2025\/12\/galileo-1024x576.jpg\" \/><\/a>Le principe de Galileo. \/\/ Source : Esa<\/p>\n<p>Aujourd\u2019hui, la constellation compte 26 satellites actifs. Les deux ajouts ne sont pas l\u00e0 pour inaugurer une nouvelle g\u00e9n\u00e9ration, mais pour renforcer la redondance et la r\u00e9silience du syst\u00e8me. En clair, ce sont en quelque sorte des doublures pr\u00eates \u00e0 prendre le relais, notamment en cas de panne sur un satellite plus ancien.<\/p>\n<p>La bascule vers <a href=\"https:\/\/www.numerama.com\/sciences\/715834-galileo-quelles-sont-les-promesses-de-la-future-generation-du-gps-europeen.html\" target=\"_blank\" rel=\"noopener\">les satellites de seconde g\u00e9n\u00e9ration<\/a> est, elle, attendue \u00e0 partir de 2027.<\/p>\n<p>    Pour aller plus loin<\/p>\n<p>                <img decoding=\"async\" width=\"87\" height=\"87\" loading=\"lazy\" alt=\"Source : Montage Numerama\" title=\"Source : Montage Numerama\" class=\"placeholder-default wp-image\" src=\"https:\/\/www.europesays.com\/fr\/wp-content\/uploads\/2025\/12\/fusee-guyane-200x200.jpg\" \/>            <\/p>\n<p>Quand Ariane 6 doit-elle d\u00e9coller ?<\/p>\n<p>Le tir est cal\u00e9 au 17 d\u00e9cembre 2025.<\/p>\n<p>Si ce calendrier est tenu, <a href=\"https:\/\/www.numerama.com\/sciences\/2110635-bonne-nouvelle-pour-ariane-6-le-prochain-vol-va-arriver-tres-vite.html\" target=\"_blank\" rel=\"noopener\">Arianespace aura r\u00e9ussi son acc\u00e9l\u00e9ration<\/a>. En effet, il ne se sera \u00e9coul\u00e9 que 43 jours entre le lancement pr\u00e9c\u00e9dent (4 novembre) et celui-ci. Une cadence qui approche le rythme de croisi\u00e8re promis par l\u2019industriel. Pour 2026, l\u2019objectif est encore plus ambitieux : une dizaine de lancements, et l\u2019arriv\u00e9e de la version lourde d\u2019Ariane 6 (version avec quatre boosters), <a href=\"https:\/\/www.numerama.com\/sciences\/2097579-mauvaise-nouvelle-pour-la-fusee-ariane-6-sa-plus-puissante-version-ratera-son-objectif-initial.html\" target=\"_blank\" rel=\"noopener\">dont le premier vol a gliss\u00e9 \u00e0 l\u2019ann\u00e9e prochaine<\/a>.<\/p>\n<p>    Pour aller plus loin<\/p>\n<p>                <img decoding=\"async\" width=\"87\" height=\"87\" loading=\"lazy\" alt=\"Les piliers de la cr\u00e9ation, vues de Hubble et de James Webb. \/\/ Source : NASA, ESA, CSA, STScI, Hubble Heritage Project (STScI, AURA) \" title=\"Les piliers de la cr\u00e9ation, vues de Hubble et de James Webb. \/\/ Source : NASA, ESA, CSA, STScI, Hubble Heritage Project (STScI, AURA) \" class=\"placeholder-default wp-image\" src=\"https:\/\/www.europesays.com\/fr\/wp-content\/uploads\/2025\/12\/piliers-de-la-creation-120x120.jpg\" \/>            <\/p>\n<p>            <img decoding=\"async\" src=\"https:\/\/www.europesays.com\/fr\/wp-content\/uploads\/2025\/12\/iPhone-16-pro-vDJtn9o4_vzSsPIGCFDc5.png\" alt=\"Toute l'actu tech en un clien d'oeil\"\/><\/p>\n<p class=\"card-install-pwa__title\">Toute l&rsquo;actu tech en un clin d&rsquo;\u0153il<\/p>\n<p class=\"card-install-pwa__description\">Ajoutez Numerama \u00e0 votre \u00e9cran d&rsquo;accueil et restez connect\u00e9s au futur !<\/p>\n<p>            <img decoding=\"async\" src=\"https:\/\/www.numerama.com\/wp-content\/themes\/numerama-next\/dist\/images\/premium\/logo-card-pwa-coupe-vCvPQ_Q_ysBNfqKp6w7gG.svg\" alt=\"Logo PWA\"\/><\/p>\n<p>       Installer Numerama<\/p>\n<p class=\"title\">\n            Regardez le monde depuis l&rsquo;            <a href=\"https:\/\/www.numerama.com\/sciences\/espace\/\" target=\"_blank\" rel=\"noopener\"><br \/>\n                Espace            <\/a>\n        <\/p>\n","protected":false},"excerpt":{"rendered":"Derni\u00e8re grande \u00e9ch\u00e9ance pour Ariane 6 en 2025. La nouvelle fus\u00e9e lourde europ\u00e9enne doit effectuer sa quatri\u00e8me mission&hellip;\n","protected":false},"author":2,"featured_media":603695,"comment_status":"","ping_status":"","sticky":false,"template":"","format":"standard","meta":{"footnotes":""},"categories":[7],"tags":[6445,6446,15447,1011,27,889,43,40,41,39,42,44],"class_list":{"0":"post-603694","1":"post","2":"type-post","3":"status-publish","4":"format-standard","5":"has-post-thumbnail","7":"category-sciences-et-technologies","8":"tag-ariane-6","9":"tag-arianespace","10":"tag-daily-rocket","11":"tag-fr","12":"tag-france","13":"tag-fusee","14":"tag-science","15":"tag-science-and-technology","16":"tag-sciences","17":"tag-sciences-et-technologies","18":"tag-technologies","19":"tag-technology"},"share_on_mastodon":{"url":"https:\/\/pubeurope.com\/@fr\/115731133664260491","error":""},"_links":{"self":[{"href":"https:\/\/www.europesays.com\/fr\/wp-json\/wp\/v2\/posts\/603694","targetHints":{"allow":["GET"]}}],"collection":[{"href":"https:\/\/www.europesays.com\/fr\/wp-json\/wp\/v2\/posts"}],"about":[{"href":"https:\/\/www.europesays.com\/fr\/wp-json\/wp\/v2\/types\/post"}],"author":[{"embeddable":true,"href":"https:\/\/www.europesays.com\/fr\/wp-json\/wp\/v2\/users\/2"}],"replies":[{"embeddable":true,"href":"https:\/\/www.europesays.com\/fr\/wp-json\/wp\/v2\/comments?post=603694"}],"version-history":[{"count":0,"href":"https:\/\/www.europesays.com\/fr\/wp-json\/wp\/v2\/posts\/603694\/revisions"}],"wp:featuredmedia":[{"embeddable":true,"href":"https:\/\/www.europesays.com\/fr\/wp-json\/wp\/v2\/media\/603695"}],"wp:attachment":[{"href":"https:\/\/www.europesays.com\/fr\/wp-json\/wp\/v2\/media?parent=603694"}],"wp:term":[{"taxonomy":"category","embeddable":true,"href":"https:\/\/www.europesays.com\/fr\/wp-json\/wp\/v2\/categories?post=603694"},{"taxonomy":"post_tag","embeddable":true,"href":"https:\/\/www.europesays.com\/fr\/wp-json\/wp\/v2\/tags?post=603694"}],"curies":[{"name":"wp","href":"https:\/\/api.w.org\/{rel}","templated":true}]}}