{"id":603696,"date":"2025-12-16T20:29:16","date_gmt":"2025-12-16T20:29:16","guid":{"rendered":"https:\/\/www.europesays.com\/fr\/603696\/"},"modified":"2025-12-16T20:29:16","modified_gmt":"2025-12-16T20:29:16","slug":"emmanuel-macron-appelle-de-toute-urgence-a-un-reequilibrage-entre-leurope-et-la-chine","status":"publish","type":"post","link":"https:\/\/www.europesays.com\/fr\/603696\/","title":{"rendered":"Emmanuel Macron appelle \u00abde toute urgence\u00bb \u00e0 un r\u00e9\u00e9quilibrage entre l\u2019Europe et la Chine"},"content":{"rendered":"<p>\n    Le pr\u00e9sident fran\u00e7ais pousse ses positions en amont du sommet europ\u00e9en de la fin de semaine.<\/p>\n<p class=\"fig-paragraph\">Mille milliards de dollars d\u2019exc\u00e9dent commercial avec le monde, 300 milliards d\u2019euros avec l\u2019Union europ\u00e9enne, \u00abcette situation n\u2019est pas viable\u00bb. Dans une tribune publi\u00e9e ce mardi soir dans le Financial Times, Emmanuel Macron sonne l\u2019alarme \u00e0 l\u2019attention de ses partenaires europ\u00e9ens, qui seront r\u00e9unis en sommet en fin de semaine, et qui partageront notamment un d\u00eener jeudi consacr\u00e9 \u00e0 la \u00abg\u00e9o\u00e9conomie\u00bb. Mais le message s\u2019adresse aussi aux dirigeants chinois,\u00a0<a href=\"http:\/\/www.lefigaro.fr\/international\/emmanuel-macron-a-pekin-en-quete-de-convergence-face-a-une-chine-decomplexee-20251202\" data-fig-type=\"Article\" data-gtm-custom-categorie=\"navigation\" data-gtm-custom-action=\"crossclick\" data-gtm-custom-label=\"Contextuel\" data-gtm-event=\"customEventSPE\" data-fig-domain=\"LEFIGARO\" target=\"_blank\" rel=\"noopener\">huit jours apr\u00e8s son voyage officiel \u00e0 P\u00e9kin<\/a>.<\/p>\n<p class=\"fig-paragraph\">Dans son texte, le pr\u00e9sident fran\u00e7ais appelle les uns et les autres \u00e0 cr\u00e9er de fa\u00e7on coop\u00e9rative les conditions d\u2019un r\u00e9\u00e9quilibrage. \u00c0 d\u00e9faut, la r\u00e9ponse ne pourra venir que\u00a0<a href=\"http:\/\/www.lefigaro.fr\/vox\/economie\/bertille-bayart-jusqu-ou-l-europe-doit-elle-se-fermer-a-la-chine-20251126\" data-fig-type=\"Article\" data-gtm-custom-categorie=\"navigation\" data-gtm-custom-action=\"crossclick\" data-gtm-custom-label=\"Contextuel\" data-gtm-event=\"customEventSPE\" data-fig-domain=\"LEFIGARO\" target=\"_blank\" rel=\"noopener\">de droits de douane et de quotas sur les importations chinoises<\/a>, autrement dit \u00abprendre le risque d\u2019entra\u00eener un conflit commercial grave\u00bb. Le d\u00e9placement vers l\u2019Europe des exportations chinoises d\u00e9vi\u00e9es par les droits de douane am\u00e9ricains et l\u2019ultracomp\u00e9titivit\u00e9 d\u2019un outil de production enti\u00e8rement tendu vers la conqu\u00eate\u2026<\/p>\n<p class=\"fig-premium-paywall__infos\">\n        Cet article est r\u00e9serv\u00e9 aux abonn\u00e9s.        Il vous reste 82% \u00e0 d\u00e9couvrir.\n    <\/p>\n<p>                <img  data- alt=\"Le Figaro\" class=\"fig-img--complete fig-img\"\/><\/p>\n<p class=\"fig-premium-paywall__title\">Vente Flash<\/p>\n<p class=\"fig-premium-paywall__subtitle\">-50% sur l&rsquo;abonnement num\u00e9rique<\/p>\n<p class=\"fig-premium-paywall__connect\">\n                D\u00e9j\u00e0 abonn\u00e9\u00a0?                <a class=\"fig-premium-paywall__connect-link\" href=\"https:\/\/connect.lefigaro.fr\/login?client=horizon_web&amp;type=main&amp;redirect_uri=https%3A%2F%2Fwww.lefigaro.fr%2Fconjoncture%2Femmanuel-macron-appelle-de-toute-urgence-a-un-reequilibrage-entre-l-europe-et-la-chine-20251216\" data-js-gtm=\"{&quot;customCategorie&quot;: &quot;conversion&quot;, &quot;customAction&quot;: &quot;before_Landing_Connexion_paywall_auto&quot;, &quot;customLabel&quot;: &quot;bGVmaWdhcm8uZnJfXzFmMGRhYTU3LTVhODQtNjQyNi1hYjJiLTI1N2FhNDc0MjhiZF9fTmV3c0ZsYXNo_Emmanuel Macron appelle \u00abde toute urgence\u00bb \u00e0 un r\u00e9\u00e9quilibrage entre l\u2019Europe et la Chine_493&quot;, &quot;customIDSPE&quot;: &quot;bGVmaWdhcm8uZnJfXzFmMGRhYTU3LTVhODQtNjQyNi1hYjJiLTI1N2FhNDc0MjhiZF9fTmV3c0ZsYXNo&quot;, &quot;event&quot;: &quot;customEventSPE&quot;}\" target=\"_blank\" rel=\"noopener\"><br \/>\n                    Connectez-vous<br \/>\n                <\/a>\n            <\/p>\n","protected":false},"excerpt":{"rendered":"Le pr\u00e9sident fran\u00e7ais pousse ses positions en amont du sommet europ\u00e9en de la fin de semaine. Mille milliards&hellip;\n","protected":false},"author":2,"featured_media":603697,"comment_status":"","ping_status":"","sticky":false,"template":"","format":"standard","meta":{"footnotes":""},"categories":[6],"tags":[35,309,33,34,1073,1011,27,1074,364],"class_list":{"0":"post-603696","1":"post","2":"type-post","3":"status-publish","4":"format-standard","5":"has-post-thumbnail","7":"category-economie","8":"tag-business","9":"tag-chine","10":"tag-economie","11":"tag-economy","12":"tag-emmanuel-macron","13":"tag-fr","14":"tag-france","15":"tag-guerre-commerciale","16":"tag-union-europeenne"},"share_on_mastodon":{"url":"https:\/\/pubeurope.com\/@fr\/115731140765136190","error":""},"_links":{"self":[{"href":"https:\/\/www.europesays.com\/fr\/wp-json\/wp\/v2\/posts\/603696","targetHints":{"allow":["GET"]}}],"collection":[{"href":"https:\/\/www.europesays.com\/fr\/wp-json\/wp\/v2\/posts"}],"about":[{"href":"https:\/\/www.europesays.com\/fr\/wp-json\/wp\/v2\/types\/post"}],"author":[{"embeddable":true,"href":"https:\/\/www.europesays.com\/fr\/wp-json\/wp\/v2\/users\/2"}],"replies":[{"embeddable":true,"href":"https:\/\/www.europesays.com\/fr\/wp-json\/wp\/v2\/comments?post=603696"}],"version-history":[{"count":0,"href":"https:\/\/www.europesays.com\/fr\/wp-json\/wp\/v2\/posts\/603696\/revisions"}],"wp:featuredmedia":[{"embeddable":true,"href":"https:\/\/www.europesays.com\/fr\/wp-json\/wp\/v2\/media\/603697"}],"wp:attachment":[{"href":"https:\/\/www.europesays.com\/fr\/wp-json\/wp\/v2\/media?parent=603696"}],"wp:term":[{"taxonomy":"category","embeddable":true,"href":"https:\/\/www.europesays.com\/fr\/wp-json\/wp\/v2\/categories?post=603696"},{"taxonomy":"post_tag","embeddable":true,"href":"https:\/\/www.europesays.com\/fr\/wp-json\/wp\/v2\/tags?post=603696"}],"curies":[{"name":"wp","href":"https:\/\/api.w.org\/{rel}","templated":true}]}}