{"id":603716,"date":"2025-12-16T20:45:14","date_gmt":"2025-12-16T20:45:14","guid":{"rendered":"https:\/\/www.europesays.com\/fr\/603716\/"},"modified":"2025-12-16T20:45:14","modified_gmt":"2025-12-16T20:45:14","slug":"proces-penal-en-appel-titre-de-sejour-ou-en-est-linfluenceur-doualemn-un-an-apres-son-arrestation-a-montpellier","status":"publish","type":"post","link":"https:\/\/www.europesays.com\/fr\/603716\/","title":{"rendered":"Proc\u00e8s p\u00e9nal en appel, titre de s\u00e9jour\u00a0: o\u00f9 en est l\u2019influenceur Doualemn un an apr\u00e8s son arrestation \u00e0 Montpellier\u00a0?"},"content":{"rendered":"<p>\n                                                                Fin d\u00e9cembre\u00a02024, l\u2019influenceur Doualemn avait fait l\u2019objet de signalements pour des propos incitant \u00e0 la violence contre un opposant du r\u00e9gime en Alg\u00e9rie. Depuis, le feuilleton judiciaire de ce Montpelli\u00e9rain continue, et il est attente de son proc\u00e8s p\u00e9nal en appel et il attend aussi r\u00e9cup\u00e9rer son titre de s\u00e9jour retir\u00e9 par la pr\u00e9fecture de l\u2019H\u00e9rault.\n                            <\/p>\n<p>Que devient <a href=\"https:\/\/www.midilibre.fr\/2025\/06\/17\/cette-retention-na-servi-strictement-a-rien-linfluenceur-doualemn-libere-assigne-a-residence-a-montpellier-12768615.php\" target=\"_blank\" rel=\"noopener\">Boualem Naman, alias Doualemn<\/a>, l\u2019influenceur alg\u00e9rien de 59 ans bas\u00e9 \u00e0 Montpellier\u00a0? Voil\u00e0 quasiment un an, le pr\u00e9fet de l\u2019H\u00e9rault avait suspendu le renouvellement de son titre de s\u00e9jour apr\u00e8s que sur TikTok, o\u00f9 il comptait 138\u00a0000 abonn\u00e9s, il s\u2019en \u00e9tait pris \u00e0 un opposant du pr\u00e9sident alg\u00e9rien Abdelmadjid Tebboune lui promettant \u00ab\u00a0gifles et fess\u00e9es.\u00a0\u00bb<\/p>\n<p>Pour<a href=\"https:\/\/www.midilibre.fr\/2025\/03\/06\/affaire-doualemn-5-mois-avec-sursis-pour-linfluenceur-qui-invitait-a-des-gifles-et-fessees-a-un-opposant-algerien-sur-tiktok-12553096.php\" target=\"_self\" rel=\"noopener\"> ce volet p\u00e9nal<\/a>, il avait \u00e9t\u00e9 condamn\u00e9 par le tribunal judiciaire de Montpellier \u00e0 cinq mois de prison avec sursis pour \u201cprovocation directe et publique, non suivie d\u2019effet, \u00e0 commettre des crimes et des d\u00e9lits\u201d au mois d\u2019avril. Et mardi 16\u00a0d\u00e9cembre, il devait \u00eatre jug\u00e9 en appel apr\u00e8s avoir contest\u00e9 cette d\u00e9cision. Le proc\u00e8s a finalement \u00e9t\u00e9 renvoy\u00e9 au 11\u00a0mai 2026.<\/p>\n<p>\u00ab\u00a0Nous demandons la relaxe\u00a0\u00bb<\/p>\n<p>\u00ab\u00a0Nous demandons la relaxe, on parle juste de l\u2019intention de porter une gifle, ce n\u2019est pas un d\u00e9lit\u00a0\u00bb, nous indique son avocate Me Vanessa Edberg.<\/p>\n<p>Concernant le <a href=\"https:\/\/www.midilibre.fr\/2025\/06\/17\/cette-retention-na-servi-strictement-a-rien-linfluenceur-doualemn-libere-assigne-a-residence-a-montpellier-12768615.php\" target=\"_self\" rel=\"noopener\">volet administratif<\/a> de Doualemn, c\u2019est le statu quo. Entr\u00e9 en situation irr\u00e9guli\u00e8re en 1998 sur le territoire, expuls\u00e9 en 2008 (apr\u00e8s plusieurs condamnations notamment pour stup\u00e9fiants), il \u00e9tait revenu en 2009 ne faisant plus parler de lui. Mais le pr\u00e9fet de l\u2019H\u00e9rault lui avait retir\u00e9 son titre de s\u00e9jour suite aux propos tenus sur les r\u00e9seaux sociaux. Expuls\u00e9 en Alg\u00e9rie, non accept\u00e9 et renvoy\u00e9 en France, le Montpelli\u00e9rain a v\u00e9cu une ann\u00e9e de recours en recours. Aujourd\u2019hui, il attend l\u2019audience du tribunal administratif, assign\u00e9 \u00e0 r\u00e9sidence \u00e0 Montpellier, alors que les tensions sont toujours vives entre Alger et Paris.<\/p>\n<p>\u00ab\u00a0Il est sans titre de s\u00e9jour et inexpulsable, et il a \u00e9t\u00e9 en h\u00f4pital psychiatrique parce qu\u2019il a du mal \u00e0 g\u00e9rer cette situation\u00a0\u00bb, explique son avocate.<\/p>\n","protected":false},"excerpt":{"rendered":"Fin d\u00e9cembre\u00a02024, l\u2019influenceur Doualemn avait fait l\u2019objet de signalements pour des propos incitant \u00e0 la violence contre un&hellip;\n","protected":false},"author":2,"featured_media":603717,"comment_status":"","ping_status":"","sticky":false,"template":"","format":"standard","meta":{"footnotes":""},"categories":[9599],"tags":[1111,11,1777,674,1011,27,7089,303,2208,12,2680,25],"class_list":{"0":"post-603716","1":"post","2":"type-post","3":"status-publish","4":"format-standard","5":"has-post-thumbnail","7":"category-montpellier","8":"tag-actu","9":"tag-actualites","10":"tag-eu","11":"tag-europe","12":"tag-fr","13":"tag-france","14":"tag-herault","15":"tag-justice","16":"tag-montpellier","17":"tag-news","18":"tag-occitanie","19":"tag-republique-francaise"},"share_on_mastodon":{"url":"https:\/\/pubeurope.com\/@fr\/115731203722151080","error":""},"_links":{"self":[{"href":"https:\/\/www.europesays.com\/fr\/wp-json\/wp\/v2\/posts\/603716","targetHints":{"allow":["GET"]}}],"collection":[{"href":"https:\/\/www.europesays.com\/fr\/wp-json\/wp\/v2\/posts"}],"about":[{"href":"https:\/\/www.europesays.com\/fr\/wp-json\/wp\/v2\/types\/post"}],"author":[{"embeddable":true,"href":"https:\/\/www.europesays.com\/fr\/wp-json\/wp\/v2\/users\/2"}],"replies":[{"embeddable":true,"href":"https:\/\/www.europesays.com\/fr\/wp-json\/wp\/v2\/comments?post=603716"}],"version-history":[{"count":0,"href":"https:\/\/www.europesays.com\/fr\/wp-json\/wp\/v2\/posts\/603716\/revisions"}],"wp:featuredmedia":[{"embeddable":true,"href":"https:\/\/www.europesays.com\/fr\/wp-json\/wp\/v2\/media\/603717"}],"wp:attachment":[{"href":"https:\/\/www.europesays.com\/fr\/wp-json\/wp\/v2\/media?parent=603716"}],"wp:term":[{"taxonomy":"category","embeddable":true,"href":"https:\/\/www.europesays.com\/fr\/wp-json\/wp\/v2\/categories?post=603716"},{"taxonomy":"post_tag","embeddable":true,"href":"https:\/\/www.europesays.com\/fr\/wp-json\/wp\/v2\/tags?post=603716"}],"curies":[{"name":"wp","href":"https:\/\/api.w.org\/{rel}","templated":true}]}}