{"id":603718,"date":"2025-12-16T20:46:16","date_gmt":"2025-12-16T20:46:16","guid":{"rendered":"https:\/\/www.europesays.com\/fr\/603718\/"},"modified":"2025-12-16T20:46:16","modified_gmt":"2025-12-16T20:46:16","slug":"le-controle-vire-a-la-garde-a-vue","status":"publish","type":"post","link":"https:\/\/www.europesays.com\/fr\/603718\/","title":{"rendered":"le contr\u00f4le vire \u00e0 la garde \u00e0 vue"},"content":{"rendered":"<p melodystyle=\"texte\" data-end=\"238\">Un contr\u00f4le routier a \u00e9t\u00e9 effectu\u00e9 par la police dans la nuit de lundi 15 \u00e0 mardi 16 d\u00e9cembre \u00e0 Dieppe, <a href=\"https:\/\/www.google.com\/maps\/place\/Rue+Bonne+Nouvelle,+76200+Dieppe\/@49.9213348,1.0909786,17z\/data=!3m1!4b1!4m6!3m5!1s0x47e0a21b6a94b30d:0xd0078e179910c432!8m2!3d49.9213314!4d1.0935535!16s%2Fg%2F1tffcgtz?entry=ttu&amp;g_ep=EgoyMDI1MTIwOS4wIKXMDSoKLDEwMDc5MjA3M0gBUAM%3D\" target=\"_blank\" rel=\"noopener\">rue Bonne Nouvelle<\/a>, \u00e0 la suite d&rsquo;un comportement dangereux au volant. Les faits se sont produits vers 23h10.<\/p>\n<p>Un comportement suspect rep\u00e9r\u00e9 par la police<\/p>\n<p melodystyle=\"texte\" data-end=\"549\">Les forces de l&rsquo;ordre ont remarqu\u00e9 un automobiliste circulant le visage dirig\u00e9 vers le sol, laissant penser \u00e0 une possible utilisation du t\u00e9l\u00e9phone portable en conduisant. Les policiers ont alors fait demi-tour afin de proc\u00e9der \u00e0 un contr\u00f4le du v\u00e9hicule.<\/p>\n<p>Des embard\u00e9es avant l&rsquo;interpellation<\/p>\n<p melodystyle=\"texte\" data-end=\"776\">A la vue de la patrouille, le conducteur a effectu\u00e9 plusieurs embard\u00e9es avant de finalement s&rsquo;arr\u00eater et d&rsquo;obtemp\u00e9rer. L&rsquo;homme, \u00e2g\u00e9 de 28 ans, a \u00e9t\u00e9 contr\u00f4l\u00e9 sans r\u00e9sistance.<\/p>\n<p>De multiples infractions constat\u00e9es<\/p>\n<p melodystyle=\"texte\" data-end=\"1067\">Les v\u00e9rifications ont permis de r\u00e9v\u00e9ler un d\u00e9faut d&rsquo;assurance, l&rsquo;absence de transfert du certificat d&rsquo;immatriculation et un permis de conduire avec un solde de points nul. Le d\u00e9pistage d&rsquo;alcool\u00e9mie s&rsquo;est en revanche r\u00e9v\u00e9l\u00e9 n\u00e9gatif.<\/p>\n<p>V\u00e9hicule immobilis\u00e9 et garde \u00e0 vue<\/p>\n<p melodystyle=\"texte\" data-end=\"1269\" data-is-only-node=\"\">Compte tenu des infractions relev\u00e9es, le v\u00e9hicule a \u00e9t\u00e9 immobilis\u00e9. Le conducteur a \u00e9t\u00e9 plac\u00e9 en garde \u00e0 vue.<\/p>\n","protected":false},"excerpt":{"rendered":"Un contr\u00f4le routier a \u00e9t\u00e9 effectu\u00e9 par la police dans la nuit de lundi 15 \u00e0 mardi 16&hellip;\n","protected":false},"author":2,"featured_media":603719,"comment_status":"","ping_status":"","sticky":false,"template":"","format":"standard","meta":{"footnotes":""},"categories":[9587],"tags":[1111,11,1777,674,1011,27,12,5161,25,9590],"class_list":{"0":"post-603718","1":"post","2":"type-post","3":"status-publish","4":"format-standard","5":"has-post-thumbnail","7":"category-rouen","8":"tag-actu","9":"tag-actualites","10":"tag-eu","11":"tag-europe","12":"tag-fr","13":"tag-france","14":"tag-news","15":"tag-normandie","16":"tag-republique-francaise","17":"tag-rouen"},"share_on_mastodon":{"url":"https:\/\/pubeurope.com\/@fr\/115731207745801159","error":""},"_links":{"self":[{"href":"https:\/\/www.europesays.com\/fr\/wp-json\/wp\/v2\/posts\/603718","targetHints":{"allow":["GET"]}}],"collection":[{"href":"https:\/\/www.europesays.com\/fr\/wp-json\/wp\/v2\/posts"}],"about":[{"href":"https:\/\/www.europesays.com\/fr\/wp-json\/wp\/v2\/types\/post"}],"author":[{"embeddable":true,"href":"https:\/\/www.europesays.com\/fr\/wp-json\/wp\/v2\/users\/2"}],"replies":[{"embeddable":true,"href":"https:\/\/www.europesays.com\/fr\/wp-json\/wp\/v2\/comments?post=603718"}],"version-history":[{"count":0,"href":"https:\/\/www.europesays.com\/fr\/wp-json\/wp\/v2\/posts\/603718\/revisions"}],"wp:featuredmedia":[{"embeddable":true,"href":"https:\/\/www.europesays.com\/fr\/wp-json\/wp\/v2\/media\/603719"}],"wp:attachment":[{"href":"https:\/\/www.europesays.com\/fr\/wp-json\/wp\/v2\/media?parent=603718"}],"wp:term":[{"taxonomy":"category","embeddable":true,"href":"https:\/\/www.europesays.com\/fr\/wp-json\/wp\/v2\/categories?post=603718"},{"taxonomy":"post_tag","embeddable":true,"href":"https:\/\/www.europesays.com\/fr\/wp-json\/wp\/v2\/tags?post=603718"}],"curies":[{"name":"wp","href":"https:\/\/api.w.org\/{rel}","templated":true}]}}