{"id":603720,"date":"2025-12-16T20:47:24","date_gmt":"2025-12-16T20:47:24","guid":{"rendered":"https:\/\/www.europesays.com\/fr\/603720\/"},"modified":"2025-12-16T20:47:24","modified_gmt":"2025-12-16T20:47:24","slug":"rouen-un-policier-soupconne-davoir-agresse-sexuellement-deux-mineures-place-en-detention-linfo-re","status":"publish","type":"post","link":"https:\/\/www.europesays.com\/fr\/603720\/","title":{"rendered":"Rouen : un policier soup\u00e7onn\u00e9 d\u2019avoir agress\u00e9 sexuellement deux mineures plac\u00e9 en d\u00e9tention &#8211; LINFO.re"},"content":{"rendered":"<p>Deux adolescentes ont mis en cause un fonctionnaire de police \u00e0 Rouen. L\u2019enqu\u00eate judiciaire r\u00e9v\u00e8le des faits anciens et des \u00e9l\u00e9ments saisis lors de perquisitions.<\/p>\n<p>\t\t\t\t\t\t<strong>Une mise en examen suivie d\u2019une incarc\u00e9ration<\/strong><\/p>\n<p style=\"text-align: justify;\">Un policier de la brigade des atteintes aux personnes a \u00e9t\u00e9 mis en examen \u00e0 <a href=\"https:\/\/www.linfo.re\/tags\/rouen\" target=\"_blank\" rel=\"noopener\"><strong>Rouen<\/strong><\/a>. Il fait l\u2019objet de poursuites pour <a href=\"https:\/\/www.linfo.re\/tags\/agression-sexuelle-130311\" target=\"_blank\" rel=\"noopener\"><strong>agressions sexuelles<\/strong><\/a> sur mineures et d\u00e9tention d\u2019images p\u00e9dopornographiques. Le parquet d\u2019\u00c9vreux a confirm\u00e9 son placement en d\u00e9tention provisoire lundi. \u00c2g\u00e9 de 51 ans, le fonctionnaire a \u00e9t\u00e9 \u00e9crou\u00e9 \u00e0 la maison d\u2019arr\u00eat d\u2019\u00c9vreux. L\u2019affaire a \u00e9t\u00e9 confi\u00e9e \u00e0 la justice apr\u00e8s plusieurs signalements successifs.<\/p>\n<p><strong>Des faits d\u00e9nonc\u00e9s plusieurs ann\u00e9es apr\u00e8s<\/strong><\/p>\n<p style=\"text-align: justify;\">Selon le procureur, l\u2019enqu\u00eate d\u00e9bute en juin 2024 apr\u00e8s un signalement aupr\u00e8s de l\u2019\u00c9ducation nationale. Une adolescente de 17 ans \u00e9voque des <strong>agressions sexuelle<\/strong>s subies durant l\u2019\u00e9t\u00e9 2019. \u00c0 l\u2019\u00e9poque, elle avait 12 ans et s\u00e9journait en vacances avec des proches de sa famille. Les faits pr\u00e9sum\u00e9s se seraient produits dans un cadre priv\u00e9, hors de toute activit\u00e9 professionnelle.<br \/>Les investigations ont ensuite permis d\u2019identifier une seconde victime potentielle.<\/p>\n<p><strong>Des perquisitions et des aveux partiels<\/strong><\/p>\n<p style=\"text-align: justify;\">En janvier, des perquisitions ont eu lieu au domicile et sur le lieu de travail du suspect. Les enqu\u00eateurs ont saisi un t\u00e9l\u00e9phone contenant de nombreuses images \u00e0 caract\u00e8re p\u00e9dopornographique. Le policier reconna\u00eet une partie des faits rapport\u00e9s par la seconde adolescente. Il admet aussi la d\u00e9tention d\u2019images interdites.<\/p>\n<p style=\"text-align: justify;\">Sources\u00a0: Tf1 Info, Franceinfo<\/p>\n<p>\u00a0<\/p>\n","protected":false},"excerpt":{"rendered":"Deux adolescentes ont mis en cause un fonctionnaire de police \u00e0 Rouen. L\u2019enqu\u00eate judiciaire r\u00e9v\u00e8le des faits anciens&hellip;\n","protected":false},"author":2,"featured_media":603721,"comment_status":"","ping_status":"","sticky":false,"template":"","format":"standard","meta":{"footnotes":""},"categories":[9587],"tags":[1111,47,11,1267,1777,674,118,1011,27,1922,12,5161,25,9590],"class_list":{"0":"post-603720","1":"post","2":"type-post","3":"status-publish","4":"format-standard","5":"has-post-thumbnail","7":"category-rouen","8":"tag-actu","9":"tag-actualite","10":"tag-actualites","11":"tag-agression-sexuelle","12":"tag-eu","13":"tag-europe","14":"tag-faits-divers","15":"tag-fr","16":"tag-france","17":"tag-info","18":"tag-news","19":"tag-normandie","20":"tag-republique-francaise","21":"tag-rouen"},"share_on_mastodon":{"url":"https:\/\/pubeurope.com\/@fr\/115731211469446296","error":""},"_links":{"self":[{"href":"https:\/\/www.europesays.com\/fr\/wp-json\/wp\/v2\/posts\/603720","targetHints":{"allow":["GET"]}}],"collection":[{"href":"https:\/\/www.europesays.com\/fr\/wp-json\/wp\/v2\/posts"}],"about":[{"href":"https:\/\/www.europesays.com\/fr\/wp-json\/wp\/v2\/types\/post"}],"author":[{"embeddable":true,"href":"https:\/\/www.europesays.com\/fr\/wp-json\/wp\/v2\/users\/2"}],"replies":[{"embeddable":true,"href":"https:\/\/www.europesays.com\/fr\/wp-json\/wp\/v2\/comments?post=603720"}],"version-history":[{"count":0,"href":"https:\/\/www.europesays.com\/fr\/wp-json\/wp\/v2\/posts\/603720\/revisions"}],"wp:featuredmedia":[{"embeddable":true,"href":"https:\/\/www.europesays.com\/fr\/wp-json\/wp\/v2\/media\/603721"}],"wp:attachment":[{"href":"https:\/\/www.europesays.com\/fr\/wp-json\/wp\/v2\/media?parent=603720"}],"wp:term":[{"taxonomy":"category","embeddable":true,"href":"https:\/\/www.europesays.com\/fr\/wp-json\/wp\/v2\/categories?post=603720"},{"taxonomy":"post_tag","embeddable":true,"href":"https:\/\/www.europesays.com\/fr\/wp-json\/wp\/v2\/tags?post=603720"}],"curies":[{"name":"wp","href":"https:\/\/api.w.org\/{rel}","templated":true}]}}