{"id":603724,"date":"2025-12-16T20:49:24","date_gmt":"2025-12-16T20:49:24","guid":{"rendered":"https:\/\/www.europesays.com\/fr\/603724\/"},"modified":"2025-12-16T20:49:24","modified_gmt":"2025-12-16T20:49:24","slug":"grenoble-interieur-nuit-lexpert-en-contorsions-et-desequilibres-a-la-mc2","status":"publish","type":"post","link":"https:\/\/www.europesays.com\/fr\/603724\/","title":{"rendered":"Grenoble. Int\u00e9rieur nuit , l\u2019expert en contorsions et d\u00e9s\u00e9quilibres, \u00e0 la MC2"},"content":{"rendered":"<p>Jean-Baptiste Andr\u00e9, expert en contorsions et d\u00e9s\u00e9quilibres, imagine Int\u00e9rieur nuit en 2002 \u00e0 sa sortie du Centre national des arts du cirque de Ch\u00e2lons-en-Champagne (Marne). Il reprend aujourd\u2019hui cette \u0153uvre \u00e0 la fois hypnotique et ludique, qui fait date dans le r\u00e9pertoire du cirque contemporain. Dans une sc\u00e9nographie compos\u00e9e de deux murs perpendiculaires, l\u2019acrobate d\u00e9fie la gravit\u00e9 et s\u2019engage dans une lente introspection. Un champ d\u2019exploration qui \u00e9voque en finesse la solitude d\u2019un homme face \u00e0 lui-m\u00eame et questionne l\u2019\u00e9quilibre pr\u00e9caire et intime de chacun.<\/p>\n<p class=\"note\">Mercredi\u00a017 et jeudi 18\u00a0d\u00e9cembre \u00e0 20 heures \u00e0 la MC2. De 5 \u00e0 29\u00a0\u20ac.<\/p>\n","protected":false},"excerpt":{"rendered":"Jean-Baptiste Andr\u00e9, expert en contorsions et d\u00e9s\u00e9quilibres, imagine Int\u00e9rieur nuit en 2002 \u00e0 sa sortie du Centre national&hellip;\n","protected":false},"author":2,"featured_media":603725,"comment_status":"","ping_status":"","sticky":false,"template":"","format":"standard","meta":{"footnotes":""},"categories":[9566],"tags":[1111,11,2430,1687,112,1777,674,1011,27,2731,2732,108,12,25,3140],"class_list":{"0":"post-603724","1":"post","2":"type-post","3":"status-publish","4":"format-standard","5":"has-post-thumbnail","7":"category-grenoble","8":"tag-actu","9":"tag-actualites","10":"tag-auvergne-rhone-alpes","11":"tag-culture-loisirs","12":"tag-edition-grenoble-agglomeration","13":"tag-eu","14":"tag-europe","15":"tag-fr","16":"tag-france","17":"tag-grenoble","18":"tag-grenoble-bassin","19":"tag-isere","20":"tag-news","21":"tag-republique-francaise","22":"tag-spectacle"},"share_on_mastodon":{"url":"https:\/\/pubeurope.com\/@fr\/115731219285606326","error":""},"_links":{"self":[{"href":"https:\/\/www.europesays.com\/fr\/wp-json\/wp\/v2\/posts\/603724","targetHints":{"allow":["GET"]}}],"collection":[{"href":"https:\/\/www.europesays.com\/fr\/wp-json\/wp\/v2\/posts"}],"about":[{"href":"https:\/\/www.europesays.com\/fr\/wp-json\/wp\/v2\/types\/post"}],"author":[{"embeddable":true,"href":"https:\/\/www.europesays.com\/fr\/wp-json\/wp\/v2\/users\/2"}],"replies":[{"embeddable":true,"href":"https:\/\/www.europesays.com\/fr\/wp-json\/wp\/v2\/comments?post=603724"}],"version-history":[{"count":0,"href":"https:\/\/www.europesays.com\/fr\/wp-json\/wp\/v2\/posts\/603724\/revisions"}],"wp:featuredmedia":[{"embeddable":true,"href":"https:\/\/www.europesays.com\/fr\/wp-json\/wp\/v2\/media\/603725"}],"wp:attachment":[{"href":"https:\/\/www.europesays.com\/fr\/wp-json\/wp\/v2\/media?parent=603724"}],"wp:term":[{"taxonomy":"category","embeddable":true,"href":"https:\/\/www.europesays.com\/fr\/wp-json\/wp\/v2\/categories?post=603724"},{"taxonomy":"post_tag","embeddable":true,"href":"https:\/\/www.europesays.com\/fr\/wp-json\/wp\/v2\/tags?post=603724"}],"curies":[{"name":"wp","href":"https:\/\/api.w.org\/{rel}","templated":true}]}}