{"id":603740,"date":"2025-12-16T21:01:25","date_gmt":"2025-12-16T21:01:25","guid":{"rendered":"https:\/\/www.europesays.com\/fr\/603740\/"},"modified":"2025-12-16T21:01:25","modified_gmt":"2025-12-16T21:01:25","slug":"nantes-en-ligue-2-bruce-grannec-est-ecoeure","status":"publish","type":"post","link":"https:\/\/www.europesays.com\/fr\/603740\/","title":{"rendered":"Nantes en Ligue 2, Bruce Grannec est \u00e9coeur\u00e9"},"content":{"rendered":"<p><b>Apr\u00e8s une premi\u00e8re moiti\u00e9 de saison catastrophique, le FC Nantes est plus que jamais candidat \u00e0 la rel\u00e9gation. Pour Bruce Grannec, le maintien passera n\u00e9cessairement par un mercato hivernal s\u00e9rieux et un peu de chance.<\/b><\/p>\n<p>S&rsquo;il est coutume depuis plusieurs ann\u00e9es de voir le <a href=\"https:\/\/www.foot01.com\/nantes\" target=\"_self\" rel=\"noopener\">FC Nantes<\/a> gal\u00e9rer pour se maintenir dans l&rsquo;\u00e9lite du football fran\u00e7ais, cette fois, les Canaris se dirigent tout droit vers la Ligue 2. L&rsquo;arriv\u00e9e de Luis Castro l&rsquo;\u00e9t\u00e9 dernier devait \u00eatre le point de d\u00e9part d&rsquo;un nouveau cycle ambitieux, lui qui avait \u00e0 sa disposition des jeunes joueurs talentueux. Mais un mercato estival rat\u00e9 et une succession de mauvais matchs ont fini par avoir raison de son poste, avant m\u00eame la tr\u00eave hivernale. Avant-dernier de <a href=\"https:\/\/www.foot01.com\/ligue1\" title=\"Ligue 1\" target=\"_blank\" rel=\"noopener\">Ligue 1<\/a> \u00e0 \u00e9galit\u00e9 avec Metz, lanterne rouge, Nantes est plus que jamais en danger et va devoir trouver des solutions pour se relancer, \u00e0 commencer par un mercato hivernal de grande qualit\u00e9, selon Bruce Grannec.La Ligue 2, Nantes y va tout droit<\/p>\n<p>\u00ab J&rsquo;\u00e9tais plut\u00f4t optimiste en d\u00e9but de saison en vue du maintien. L\u00e0 avec cet effectif, on y va tout droit. Apr\u00e8s y a un mercato hivernal avec Machado, Cabella\u2026 \u00e7a fait venir un peu d&rsquo;exp\u00e9rience. Est-ce que \u00e7a suffira ? C&rsquo;est une autre question. Nantes est tr\u00e8s mal g\u00e9r\u00e9, Nantes m\u00e9rite la Ligue 2 depuis x ann\u00e9es. Apr\u00e8s \u00e0 chaque fois ils sont sauv\u00e9s miraculeusement. L\u00e0 pour le moment, force est de constater qu&rsquo;il n&rsquo;y a pas plus faible que Nantes qui est surement la pire \u00e9quipe de Ligue 1. T&rsquo;as voulu faire confiance \u00e0 la jeunesse, elle te le rend pas forc\u00e9ment. Aujourd&rsquo;hui, il se passe rien, personne n&rsquo;est capable d&rsquo;acc\u00e9l\u00e9rer et de faire des diff\u00e9rences. Abline est toujours oblig\u00e9 de remonter le terrain tout seul, sinon il ne se passe rien. Au del\u00e0 des limites techniques de certains, le QI football qui n&rsquo;est pas terrible, y a un probl\u00e8me dans l&rsquo;\u00e9tat d&rsquo;esprit. De toute fa\u00e7on, Nantes m\u00e9rite la Ligue 2, m\u00eame s&rsquo;il y a encore une chance de se sauver \u00bb, a expliqu\u00e9 le triple champion du monde sur le jeu vid\u00e9o FIFA et consultant de l&rsquo;\u00e9mission Hors Jeu.<\/p>\n<p>Pour l&rsquo;heure, Nantes a d\u00e9j\u00e0 commenc\u00e9 \u00e0 faire ses emplettes puisque Deiver Machado est arriv\u00e9 et R\u00e9my Cabella le sera bient\u00f4t.<\/p>\n","protected":false},"excerpt":{"rendered":"Apr\u00e8s une premi\u00e8re moiti\u00e9 de saison catastrophique, le FC Nantes est plus que jamais candidat \u00e0 la rel\u00e9gation.&hellip;\n","protected":false},"author":2,"featured_media":591478,"comment_status":"","ping_status":"","sticky":false,"template":"","format":"standard","meta":{"footnotes":""},"categories":[2818],"tags":[1111,11,1777,674,462,1011,27,66,766,12,2636,25],"class_list":{"0":"post-603740","1":"post","2":"type-post","3":"status-publish","4":"format-standard","5":"has-post-thumbnail","7":"category-nantes","8":"tag-actu","9":"tag-actualites","10":"tag-eu","11":"tag-europe","12":"tag-fc-nantes","13":"tag-fr","14":"tag-france","15":"tag-ligue-1","16":"tag-nantes","17":"tag-news","18":"tag-pays-de-la-loire","19":"tag-republique-francaise"},"share_on_mastodon":{"url":"https:\/\/pubeurope.com\/@fr\/115731266494587022","error":""},"_links":{"self":[{"href":"https:\/\/www.europesays.com\/fr\/wp-json\/wp\/v2\/posts\/603740","targetHints":{"allow":["GET"]}}],"collection":[{"href":"https:\/\/www.europesays.com\/fr\/wp-json\/wp\/v2\/posts"}],"about":[{"href":"https:\/\/www.europesays.com\/fr\/wp-json\/wp\/v2\/types\/post"}],"author":[{"embeddable":true,"href":"https:\/\/www.europesays.com\/fr\/wp-json\/wp\/v2\/users\/2"}],"replies":[{"embeddable":true,"href":"https:\/\/www.europesays.com\/fr\/wp-json\/wp\/v2\/comments?post=603740"}],"version-history":[{"count":0,"href":"https:\/\/www.europesays.com\/fr\/wp-json\/wp\/v2\/posts\/603740\/revisions"}],"wp:featuredmedia":[{"embeddable":true,"href":"https:\/\/www.europesays.com\/fr\/wp-json\/wp\/v2\/media\/591478"}],"wp:attachment":[{"href":"https:\/\/www.europesays.com\/fr\/wp-json\/wp\/v2\/media?parent=603740"}],"wp:term":[{"taxonomy":"category","embeddable":true,"href":"https:\/\/www.europesays.com\/fr\/wp-json\/wp\/v2\/categories?post=603740"},{"taxonomy":"post_tag","embeddable":true,"href":"https:\/\/www.europesays.com\/fr\/wp-json\/wp\/v2\/tags?post=603740"}],"curies":[{"name":"wp","href":"https:\/\/api.w.org\/{rel}","templated":true}]}}