{"id":603741,"date":"2025-12-16T21:03:22","date_gmt":"2025-12-16T21:03:22","guid":{"rendered":"https:\/\/www.europesays.com\/fr\/603741\/"},"modified":"2025-12-16T21:03:22","modified_gmt":"2025-12-16T21:03:22","slug":"protoxyde-dazote-ca-ne-rigole-plus-en-gironde-ou-la-prefecture-interdit-la-vente-et-la-consommation-de-ce-gaz-hilarant","status":"publish","type":"post","link":"https:\/\/www.europesays.com\/fr\/603741\/","title":{"rendered":"Protoxyde d&rsquo;azote : \u00e7a ne rigole plus en Gironde, o\u00f9 la pr\u00e9fecture interdit la vente et la consommation de ce gaz hilarant"},"content":{"rendered":"<p class=\"wp-block-post-excerpt__excerpt\">Le pr\u00e9fet de la Gironde a publi\u00e9 ce mardi 16 d\u00e9cembre un arr\u00eat\u00e9 interdisant la vente, le transport, la d\u00e9tention et la consommation de protoxyde d\u2019azote dans tout le d\u00e9partement, du 18 d\u00e9cembre 2025 au 18 mars 2026. <\/p>\n<p class=\"font-sans\">\n\t\t\tCet article est en acc\u00e8s libre. Pour soutenir Rue89Bordeaux,<br \/>\n\t\t\t<a class=\"underline\" href=\"https:\/\/rue89bordeaux.com\/abonnement\/\" target=\"_blank\" rel=\"noopener\">abonnez-vous<\/a>.\n\t\t<\/p>\n<p>Morgane Bourgeois<\/p>\n<p>Publi\u00e9 le 16 d\u00e9cembre 2025\u00a0\u00a0\u00b7\u00a0\u00a0<\/p>\n<p>Imprim\u00e9 le 16 d\u00e9cembre 2025 \u00e0 22h03\u00a0\u00a0\u00b7\u00a0\u00a0<\/p>\n<p>Modifi\u00e9 le 16 d\u00e9cembre 2025\u00a0\u00a0\u00b7\u00a0\u00a0<\/p>\n<p>\t\t\t\t\t2\u00a0minutes\n<\/p>\n<p>Cet arr\u00eat\u00e9 pr\u00e9fectoral s\u2019inscrit dans la continuit\u00e9 de la loi du 1er juin 2021, qui avait d\u00e9j\u00e0 interdit la vente de protoxyde d\u2019azote aux mineurs (passible d\u2019une amende de 3 750 \u20ac) et l\u2019incitation d\u2019un mineur \u00e0 un usage d\u00e9tourn\u00e9 (15 000 \u20ac d\u2019amende), mais aussi la vente dans les bars et bureaux de tabac, et la commercialisation de mat\u00e9riels facilitant l\u2019inhalation (ballons, crackers). <\/p>\n<p>La pr\u00e9fecture de la Gironde va ici plus loin, en interdisant temporairement la vente, le transport, la d\u00e9tention et la consommation de ce \u00ab\u00a0gaz hilarant\u00a0\u00bb. L\u2019arr\u00eat\u00e9 \u00ab\u00a0ne s\u2019applique pas aux usages professionnels et m\u00e9dicaux du protoxyde d\u2019azote\u00a0\u00bb, indique la pr\u00e9fecture dans un communiqu\u00e9. Sans toutefois pr\u00e9ciser comment les revendeurs feront la distinction entre \u00ab\u00a0bons\u00a0\u00bb et \u00ab\u00a0mauvais\u00a0\u00bb clients, ou comment sera assur\u00e9 le contr\u00f4le de cette interdiction.<\/p>\n<blockquote class=\"wp-block-quote is-layout-flow wp-block-quote-is-layout-flow\">\n<p>\u00ab\u00a0La lutte contre l\u2019usage d\u00e9tourn\u00e9 du protoxyde d\u2019azote est l\u2019affaire de tous, affirme le pr\u00e9fet \u00c9tienne Guyot. Ensemble, nous devons agir avec responsabilit\u00e9 pour prot\u00e9ger les plus jeunes. L\u2019objectif est clair : prot\u00e9ger la sant\u00e9 publique, garantir la s\u00e9curit\u00e9 de nos concitoyens et pr\u00e9venir les drames.\u00a0\u00bb<\/p>\n<\/blockquote>\n<p>\t\tDes risques importants<\/p>\n<p>La pr\u00e9fecture rappelle que cette pratique est particuli\u00e8rement dangereuse pour la sant\u00e9 (asphyxie, perte de connaissance et du r\u00e9flexe de toux, vertiges, troubles physiques et psychiques\u2026), la s\u00e9curit\u00e9 routi\u00e8re (multiplication des accidents li\u00e9s \u00e0 la consommation de gaz), l\u2019ordre public (nuisances sonores, \u00ab\u00a0rassemblements festifs ill\u00e9gaux comme les rave-partys\u00a0\u00bb), l\u2019environnement (d\u00e9chets dangereux g\u00e9n\u00e9r\u00e9s par les cartouches usag\u00e9es, \u00ab\u00a0pouvant occasionner des explosions dans les fours incin\u00e9rateurs\u00a0\u00bb.<\/p>\n<p>\u00c0 l\u2019origine, le protoxyde d\u2019azote est un produit l\u00e9gal, utilis\u00e9 en m\u00e9decine (anesth\u00e9sie, analg\u00e9sie) et dans le secteur alimentaire (cartouches pour siphons \u00e0 chantilly). Mais depuis plusieurs ann\u00e9es, il est massivement d\u00e9tourn\u00e9 \u00e0 des fins r\u00e9cr\u00e9atives, notamment chez les jeunes et dans les milieux festifs. Aujourd\u2019hui, il est consid\u00e9r\u00e9 comme la troisi\u00e8me substance psychoactive la plus consomm\u00e9e en France, derri\u00e8re l\u2019alcool et le cannabis.<\/p>\n<p>Le <a href=\"https:\/\/www.lemonde.fr\/societe\/article\/2025\/12\/12\/protoxyde-d-azote-gerald-darmanin-souhaite-que-le-gaz-soit-classe-comme-stupefiant_6657033_3224.html\" target=\"_blank\" rel=\"noreferrer noopener\">classement du protoxyde d\u2019azote comme produit stup\u00e9fiant<\/a> est voulu par le ministre de la Justice G\u00e9rald Darmanin, ce qui entrainerait la criminalisation de sa vente et de sa consommation. Certains collectivit\u00e9s locales, <a href=\"https:\/\/www.francebleu.fr\/infos\/societe\/protoxyde-d-azote-une-ville-pres-de-bordeaux-sensibilise-sa-population-sur-les-risques-3528197\" target=\"_blank\" rel=\"noopener\">comme Lormont,<\/a> dans la m\u00e9tropole bordelaise, misent depuis quelques mois sur la pr\u00e9vention pour alerter les jeunes des dangers li\u00e9s \u00e0 son usage.<\/p>\n","protected":false},"excerpt":{"rendered":"Le pr\u00e9fet de la Gironde a publi\u00e9 ce mardi 16 d\u00e9cembre un arr\u00eat\u00e9 interdisant la vente, le transport,&hellip;\n","protected":false},"author":2,"featured_media":603742,"comment_status":"","ping_status":"","sticky":false,"template":"","format":"standard","meta":{"footnotes":""},"categories":[2817],"tags":[1111,11,1997,71584,3992,1777,674,1011,27,12,2219,7131,25],"class_list":{"0":"post-603741","1":"post","2":"type-post","3":"status-publish","4":"format-standard","5":"has-post-thumbnail","7":"category-bordeaux","8":"tag-actu","9":"tag-actualites","10":"tag-bordeaux","11":"tag-cest-noel","12":"tag-drogues","13":"tag-eu","14":"tag-europe","15":"tag-fr","16":"tag-france","17":"tag-news","18":"tag-nouvelle-aquitaine","19":"tag-prefecture-de-la-gironde","20":"tag-republique-francaise"},"share_on_mastodon":{"url":"https:\/\/pubeurope.com\/@fr\/115731274382017076","error":""},"_links":{"self":[{"href":"https:\/\/www.europesays.com\/fr\/wp-json\/wp\/v2\/posts\/603741","targetHints":{"allow":["GET"]}}],"collection":[{"href":"https:\/\/www.europesays.com\/fr\/wp-json\/wp\/v2\/posts"}],"about":[{"href":"https:\/\/www.europesays.com\/fr\/wp-json\/wp\/v2\/types\/post"}],"author":[{"embeddable":true,"href":"https:\/\/www.europesays.com\/fr\/wp-json\/wp\/v2\/users\/2"}],"replies":[{"embeddable":true,"href":"https:\/\/www.europesays.com\/fr\/wp-json\/wp\/v2\/comments?post=603741"}],"version-history":[{"count":0,"href":"https:\/\/www.europesays.com\/fr\/wp-json\/wp\/v2\/posts\/603741\/revisions"}],"wp:featuredmedia":[{"embeddable":true,"href":"https:\/\/www.europesays.com\/fr\/wp-json\/wp\/v2\/media\/603742"}],"wp:attachment":[{"href":"https:\/\/www.europesays.com\/fr\/wp-json\/wp\/v2\/media?parent=603741"}],"wp:term":[{"taxonomy":"category","embeddable":true,"href":"https:\/\/www.europesays.com\/fr\/wp-json\/wp\/v2\/categories?post=603741"},{"taxonomy":"post_tag","embeddable":true,"href":"https:\/\/www.europesays.com\/fr\/wp-json\/wp\/v2\/tags?post=603741"}],"curies":[{"name":"wp","href":"https:\/\/api.w.org\/{rel}","templated":true}]}}