{"id":603743,"date":"2025-12-16T21:04:11","date_gmt":"2025-12-16T21:04:11","guid":{"rendered":"https:\/\/www.europesays.com\/fr\/603743\/"},"modified":"2025-12-16T21:04:11","modified_gmt":"2025-12-16T21:04:11","slug":"la63-et-la64-bloquees-par-les-agriculteurs-ce-lundi","status":"publish","type":"post","link":"https:\/\/www.europesays.com\/fr\/603743\/","title":{"rendered":"l&rsquo;A63 et l&rsquo;A64 bloqu\u00e9es par les Agriculteurs ce lundi"},"content":{"rendered":"<p itemprop=\"description\">Depuis cette nuit, l\u2019autoroute A63 reliant le Pays Basque \u00e0 Bordeaux est bloqu\u00e9e au sud de Bordeaux, s\u2019ajoutant aux manifestations d&rsquo;agriculteurs qui paralysaient d\u00e9j\u00e0 l\u2019A64 depuis vendredi. L\u2019A64 qui est quasiment impraticable sur 180 km entre Bayonne et Toulouse.<\/p>\n<p>        Des zones de stationnement obligatoire pour les poids lourds ont \u00e9t\u00e9 mises en place sur l\u2019A63 en direction de Bordeaux<br \/>&#13;<br \/>\nMise \u00e0 jour du 15 d\u00e9cembre \u00e0 10:15<\/p>\n<p>Ces zones sont destin\u00e9es \u00e0 immobiliser les v\u00e9hicules dans l\u2019attente de la lev\u00e9e des blocages li\u00e9s aux manifestations agricoles. Les chauffeurs doivent s\u2019y conformer, mais la dur\u00e9e d\u2019arr\u00eat est ind\u00e9termin\u00e9e. Pour \u00e9viter de rester immobilis\u00e9 pendant plusieurs heures, il est vivement conseill\u00e9 d\u2019\u00e9viter ce secteur et de privil\u00e9gier des itin\u00e9raires alternatifs ou de diff\u00e9rer le trajet jusqu\u2019\u00e0 nouvel avis des autorit\u00e9s.<\/p>\n<p>Nouvelle coupure sur l&rsquo;A63 au sud de Bordeaux<br \/>&#13;<br \/>\nDepuis la nuit derni\u00e8re, un nouveau blocage complique la circulation sur l\u2019A63, axe reliant Saint-S\u00e9bastien et le Pays basque \u00e0 Bordeaux. La coupure concerne le sens sud-nord entre l\u2019\u00e9changeur 23 (Marcheprime) et le point de blocage situ\u00e9 \u00e0 Cestas. Les automobilistes doivent sortir \u00e0 Marcheprime pour rejoindre la rocade bordelaise via la RD1010. Ceux qui se dirigent vers Toulouse sont invit\u00e9s \u00e0 quitter l\u2019A63 d\u00e8s Liposthey (\u00e9changeur 17) pour rejoindre l\u2019A62 \u00e0 Langon (\u00e9changeur 3).<\/p>\n<p>Ces perturbations viennent s\u2019ajouter \u00e0 une situation d\u00e9j\u00e0 critique sur l\u2019A64. Les premiers blocages ont d\u00e9but\u00e9 vendredi, avant de s\u2019\u00e9tendre samedi sur pr\u00e8s de 180 km, entre Bayonne et Toulouse.<\/p>\n<p>Ces restrictions resteront en vigueur tant que les blocages persistent. Les usagers sont invit\u00e9s \u00e0 anticiper leurs d\u00e9placements et \u00e0 consulter les mises \u00e0 jour en temps r\u00e9el sur Bison Fut\u00e9.<\/p>\n<p>L\u2019A64 \u00e9picentre des blocages ce lundi matin<br \/>&#13;<br \/>\nLes blocages agricoles ont transform\u00e9 l\u2019A64 en un axe quasi impraticable depuis vendredi soir. Plusieurs portion de l&rsquo;autoroute sont totalement coup\u00e9es\u202f: \u00e0 l&rsquo;est de Bayonne au PK 16 pr\u00e8s d\u2019Urt et au PK 103 (Lescar) pr\u00e8s de Pau, ce qui signifie que la circulation est interrompue dans les deux sens sur ces points strat\u00e9giques.<\/p>\n<p>\u00c0 ces coupures s\u2019ajoutent des fermetures d\u2019\u00e9changeurs en cascade\u202f: Urt (n\u00b04), Peyrehorade (n\u00b06), Salies-de-B\u00e9arn (n\u00b07), Orthez (n\u00b08), Artix (n\u00b09), Lescar (n\u00b09.1), Pau (n\u00b010), Soumoulou (n\u00b011), Tarbes Ouest (n\u00b012), Tarbes Est (n\u00b013), Tournay (n\u00b014), Capvern (n\u00b015) et Lannemezan (n\u00b016). Certaines zones ont vu des actions spectaculaires, comme le d\u00e9versement de fumier \u00e0 Pau et la pr\u00e9sence de dizaines de tracteurs.<\/p>\n<p>La situation ne se limite pas au r\u00e9seau VINCI Autoroutes\u202f: une coupure hors r\u00e9seau est toujours install\u00e9e pour une dur\u00e9e ind\u00e9termin\u00e9e \u00e0 Carbonne, compliquant encore les itin\u00e9raires alternatifs pour rejoindre Toulouse. Au total, pr\u00e8s de 180 km d\u2019autoroute sont concern\u00e9s par des restrictions ou des fermetures, rendant le transit quasi impossible entre Bayonne et Toulouse.    <\/p>\n","protected":false},"excerpt":{"rendered":"Depuis cette nuit, l\u2019autoroute A63 reliant le Pays Basque \u00e0 Bordeaux est bloqu\u00e9e au sud de Bordeaux, s\u2019ajoutant&hellip;\n","protected":false},"author":2,"featured_media":603744,"comment_status":"","ping_status":"","sticky":false,"template":"","format":"standard","meta":{"footnotes":""},"categories":[2817],"tags":[1111,11,2572,6955,70907,1997,3477,1777,674,1011,27,9865,1272,12,2219,293,5457,26302,25,2224],"class_list":{"0":"post-603743","1":"post","2":"type-post","3":"status-publish","4":"format-standard","5":"has-post-thumbnail","7":"category-bordeaux","8":"tag-actu","9":"tag-actualites","10":"tag-agriculteurs","11":"tag-autoroute","12":"tag-bloquees","13":"tag-bordeaux","14":"tag-cette","15":"tag-eu","16":"tag-europe","17":"tag-fr","18":"tag-france","19":"tag-lundi","20":"tag-manifestations","21":"tag-news","22":"tag-nouvelle-aquitaine","23":"tag-nuit","24":"tag-pays","25":"tag-reliant","26":"tag-republique-francaise","27":"tag-sud-ouest"},"share_on_mastodon":{"url":"https:\/\/pubeurope.com\/@fr\/115731278391809487","error":""},"_links":{"self":[{"href":"https:\/\/www.europesays.com\/fr\/wp-json\/wp\/v2\/posts\/603743","targetHints":{"allow":["GET"]}}],"collection":[{"href":"https:\/\/www.europesays.com\/fr\/wp-json\/wp\/v2\/posts"}],"about":[{"href":"https:\/\/www.europesays.com\/fr\/wp-json\/wp\/v2\/types\/post"}],"author":[{"embeddable":true,"href":"https:\/\/www.europesays.com\/fr\/wp-json\/wp\/v2\/users\/2"}],"replies":[{"embeddable":true,"href":"https:\/\/www.europesays.com\/fr\/wp-json\/wp\/v2\/comments?post=603743"}],"version-history":[{"count":0,"href":"https:\/\/www.europesays.com\/fr\/wp-json\/wp\/v2\/posts\/603743\/revisions"}],"wp:featuredmedia":[{"embeddable":true,"href":"https:\/\/www.europesays.com\/fr\/wp-json\/wp\/v2\/media\/603744"}],"wp:attachment":[{"href":"https:\/\/www.europesays.com\/fr\/wp-json\/wp\/v2\/media?parent=603743"}],"wp:term":[{"taxonomy":"category","embeddable":true,"href":"https:\/\/www.europesays.com\/fr\/wp-json\/wp\/v2\/categories?post=603743"},{"taxonomy":"post_tag","embeddable":true,"href":"https:\/\/www.europesays.com\/fr\/wp-json\/wp\/v2\/tags?post=603743"}],"curies":[{"name":"wp","href":"https:\/\/api.w.org\/{rel}","templated":true}]}}