{"id":603751,"date":"2025-12-16T21:08:15","date_gmt":"2025-12-16T21:08:15","guid":{"rendered":"https:\/\/www.europesays.com\/fr\/603751\/"},"modified":"2025-12-16T21:08:15","modified_gmt":"2025-12-16T21:08:15","slug":"condamne-le-president-de-la-metropole-lilloise-damien-castelain-demissionne-liberation","status":"publish","type":"post","link":"https:\/\/www.europesays.com\/fr\/603751\/","title":{"rendered":"Condamn\u00e9, le pr\u00e9sident de la m\u00e9tropole lilloise Damien Castelain d\u00e9missionne \u2013 Lib\u00e9ration"},"content":{"rendered":"<p class=\"sc-cPiKLX AiZTS text-element\">L\u2019automne est meurtrier dans le Nord. Apr\u00e8s Guillaume Delbar, le maire de Roubaix, au tour du pr\u00e9sident de la M\u00e9tropole europ\u00e9enne de Lille (MEL) d\u2019\u00eatre pouss\u00e9 \u00e0 la d\u00e9mission par la justice. Damien Castelain, 58 ans, maire divers droite du village de P\u00e9ronne-en-M\u00e9lantois, n\u2019a pas la notori\u00e9t\u00e9 de Pierre Mauroy ou de Martine Aubry, <a href=\"https:\/\/www.liberation.fr\/france\/2014\/04\/18\/damien-castelain-succede-a-martine-aubry-a-la-tete-de-lille-metropole_1000161\/\" target=\"_blank\" rel=\"nofollow noopener\" title=\"https:\/\/www.liberation.fr\/france\/2014\/04\/18\/damien-castelain-succede-a-martine-aubry-a-la-tete-de-lille-metropole_1000161\/\">qui l\u2019ont pr\u00e9c\u00e9d\u00e9 \u00e0 la t\u00eate d\u2019une m\u00e9tropole<\/a> de pr\u00e8s d\u20191,2 million d\u2019habitants. Il est le fruit d\u2019un consensus politique, o\u00f9 les \u00e9lus des petites communes sont majoritaires, qui tient depuis 2014, avec l\u2019appui des socialistes. Mais l\u00e0, le savant \u00e9quilibre s\u2019est \u00e9croul\u00e9 : la cour d\u2019appel de Douai a confirm\u00e9 l\u2019in\u00e9ligibilit\u00e9 de Damien Castelain pendant deux ans, avec ex\u00e9cution provisoire, en plus de 18 mois de prison avec sursis et 20 000 euros d\u2019amende, pour abus de confiance et d\u00e9tournement de fonds publics. Son avocate ne commente pas, et le service communication de la MEL rassure : le premier vice-pr\u00e9sident va assurer l\u2019int\u00e9rim jusqu\u2019\u00e0 la nouvelle \u00e9lection d\u2019un pr\u00e9sident en janvier.<\/p>\n<p class=\"sc-cPiKLX AiZTS text-element\">Les casseroles sont vieilles et <a href=\"https:\/\/www.liberation.fr\/france\/2018\/07\/30\/frais-du-president-de-la-metropole-lilloise-ouverture-d-une-enquete-pour-detournement-de-fonds-publi_1669675\/\" target=\"_blank\" rel=\"nofollow noopener\" title=\"https:\/\/www.liberation.fr\/france\/2018\/07\/30\/frais-du-president-de-la-metropole-lilloise-ouverture-d-une-enquete-pour-detournement-de-fonds-publi_1669675\/\">datent de son premier mandat \u00e0 la t\u00eate de la Mel<\/a> : des notes de frais rembours\u00e9es par l\u2019institution, alors qu\u2019il s\u2019agissait de d\u00e9penses priv\u00e9es, h\u00f4tel, repas et costumes, pour un montant estim\u00e9 par la justice \u00e0 10 525 euros. Sur sa page Facebook, G\u00e9rald Darmanin, ancien maire de Tourcoing, et ministre de la Justice, lui a assur\u00e9 son soutien : \u00abSans commenter d\u2019aucune mani\u00e8re une d\u00e9cision de justice, j\u2019ai une pens\u00e9e plus qu\u2019amicale pour Damien Castelain, qui est un grand pr\u00e9sident de la M\u00e9tropole de Lille, et un maire passionn\u00e9 de P\u00e9ronne-en-M\u00e9lantois.\u00bb<\/p>\n","protected":false},"excerpt":{"rendered":"L\u2019automne est meurtrier dans le Nord. Apr\u00e8s Guillaume Delbar, le maire de Roubaix, au tour du pr\u00e9sident de&hellip;\n","protected":false},"author":2,"featured_media":603752,"comment_status":"","ping_status":"","sticky":false,"template":"","format":"standard","meta":{"footnotes":""},"categories":[2815],"tags":[1111,11,1777,674,1011,27,811,1307,12,25],"class_list":{"0":"post-603751","1":"post","2":"type-post","3":"status-publish","4":"format-standard","5":"has-post-thumbnail","7":"category-lille","8":"tag-actu","9":"tag-actualites","10":"tag-eu","11":"tag-europe","12":"tag-fr","13":"tag-france","14":"tag-hauts-de-france","15":"tag-lille","16":"tag-news","17":"tag-republique-francaise"},"share_on_mastodon":{"url":"https:\/\/pubeurope.com\/@fr\/115731294175424780","error":""},"_links":{"self":[{"href":"https:\/\/www.europesays.com\/fr\/wp-json\/wp\/v2\/posts\/603751","targetHints":{"allow":["GET"]}}],"collection":[{"href":"https:\/\/www.europesays.com\/fr\/wp-json\/wp\/v2\/posts"}],"about":[{"href":"https:\/\/www.europesays.com\/fr\/wp-json\/wp\/v2\/types\/post"}],"author":[{"embeddable":true,"href":"https:\/\/www.europesays.com\/fr\/wp-json\/wp\/v2\/users\/2"}],"replies":[{"embeddable":true,"href":"https:\/\/www.europesays.com\/fr\/wp-json\/wp\/v2\/comments?post=603751"}],"version-history":[{"count":0,"href":"https:\/\/www.europesays.com\/fr\/wp-json\/wp\/v2\/posts\/603751\/revisions"}],"wp:featuredmedia":[{"embeddable":true,"href":"https:\/\/www.europesays.com\/fr\/wp-json\/wp\/v2\/media\/603752"}],"wp:attachment":[{"href":"https:\/\/www.europesays.com\/fr\/wp-json\/wp\/v2\/media?parent=603751"}],"wp:term":[{"taxonomy":"category","embeddable":true,"href":"https:\/\/www.europesays.com\/fr\/wp-json\/wp\/v2\/categories?post=603751"},{"taxonomy":"post_tag","embeddable":true,"href":"https:\/\/www.europesays.com\/fr\/wp-json\/wp\/v2\/tags?post=603751"}],"curies":[{"name":"wp","href":"https:\/\/api.w.org\/{rel}","templated":true}]}}