{"id":603758,"date":"2025-12-16T21:12:17","date_gmt":"2025-12-16T21:12:17","guid":{"rendered":"https:\/\/www.europesays.com\/fr\/603758\/"},"modified":"2025-12-16T21:12:17","modified_gmt":"2025-12-16T21:12:17","slug":"disasi-et-endrick-a-lyon-pierre-menes-confirme","status":"publish","type":"post","link":"https:\/\/www.europesays.com\/fr\/603758\/","title":{"rendered":"\u00ab\u00a0Disasi et Endrick \u00e0 Lyon\u00a0\u00bb, Pierre M\u00e9n\u00e8s confirme"},"content":{"rendered":"<p><b>A l&rsquo;approche de l&rsquo;ouverture du <a href=\"https:\/\/www.foot01.com\/mercato\" title=\"Mercato\" target=\"_blank\" rel=\"noopener\">mercato<\/a> hivernal 2026, l&rsquo;Olympique Lyonnais pr\u00e9pare l&rsquo;arriv\u00e9e d&rsquo;Endrick et fait partie des pr\u00e9tendants au recrutement d&rsquo;Axel Disasi. Deux joueurs hors de forme, mais pas de quoi inqui\u00e9ter Pierre M\u00e9n\u00e8s.<\/b><\/p>\n<p>L&rsquo;Olympique Lyonnais r\u00e9alise une premi\u00e8re moiti\u00e9 int\u00e9ressante pour un club qui devait \u00eatre r\u00e9trograd\u00e9 administrativement en Ligue 2 en fin de saison derni\u00e8re. Malgr\u00e9 un mercato estival \u00e0 bas co\u00fbt et des ventes de joueurs plus qu&rsquo;importantes, le club rhodanien, sous l&rsquo;impulsion d&rsquo;un Paulo Fonseca inspir\u00e9, a su se r\u00e9inventer. Presque arriv\u00e9s \u00e0 la mi-saison, les Gones pointent \u00e0 la premi\u00e8re place du classement en Ligue Europa avec 15 points sur 18, et sont 5\u1d49\u02e2 de Ligue 1 avec un retard rattrapable sur le wagon de t\u00eate.<\/p>\n<p>Endrick et Disasi, l&rsquo;OL n&rsquo;a pas le choixEn attendant, la direction sportive compte bien agir pour que le club continue son si bon chemin en allant chercher du sang neuf. L&rsquo;arriv\u00e9e d&rsquo;Endrick n&rsquo;attend plus grand-chose pour \u00eatre officialis\u00e9e, tandis que l&rsquo;<a href=\"https:\/\/www.foot01.com\/ol\" target=\"_self\" rel=\"noopener\">OL<\/a> cherche \u00e0 recruter Axel Disasi. Deux joueurs qui ne jouent pas avec leur club respectif (Real Madrid et Chelsea) mais qui ne demandent qu&rsquo;une chose : avoir du temps de jeu lors de cette saison de Coupe du monde. Leur \u00e9tat physique n&rsquo;a en tout cas pas de quoi inqui\u00e9ter, selon Pierre M\u00e9n\u00e8s.<\/p>\n<p>\u00ab Une crainte qu&rsquo;Endrick et Axel Disasi soient hors de forme ? Oui. \u00c9videmment. A chaque fois que tu prends un joueur, surtout au mercato d&rsquo;hiver, tu n&rsquo;as aucune garantie qu&rsquo;il soit productif imm\u00e9diatement. Mais Lyon n&rsquo;a pas le choix. Lyon n&rsquo;a pas les moyens de se positionner sur un joueur qui joue r\u00e9guli\u00e8rement avec son club pr\u00e9c\u00e9dent. De toute fa\u00e7on, ou tu obtiens des pr\u00eats de joueurs qui ne jouent pas, soit tu fais rien. Oui, il y a un risque, mais un risque \u00e0 tenter \u00bb, a d\u00e9clar\u00e9 l&rsquo;ancien consultant du Canal Football Club sur sa chaine Youtube.<\/p>\n","protected":false},"excerpt":{"rendered":"A l&rsquo;approche de l&rsquo;ouverture du mercato hivernal 2026, l&rsquo;Olympique Lyonnais pr\u00e9pare l&rsquo;arriv\u00e9e d&rsquo;Endrick et fait partie des pr\u00e9tendants&hellip;\n","protected":false},"author":2,"featured_media":506354,"comment_status":"","ping_status":"","sticky":false,"template":"","format":"standard","meta":{"footnotes":""},"categories":[1889],"tags":[1111,11,2430,1777,674,1011,27,2428,1434,12,241,25],"class_list":{"0":"post-603758","1":"post","2":"type-post","3":"status-publish","4":"format-standard","5":"has-post-thumbnail","7":"category-lyon","8":"tag-actu","9":"tag-actualites","10":"tag-auvergne-rhone-alpes","11":"tag-eu","12":"tag-europe","13":"tag-fr","14":"tag-france","15":"tag-lyon","16":"tag-mercato","17":"tag-news","18":"tag-ol","19":"tag-republique-francaise"},"share_on_mastodon":{"url":"https:\/\/pubeurope.com\/@fr\/115731309820430053","error":""},"_links":{"self":[{"href":"https:\/\/www.europesays.com\/fr\/wp-json\/wp\/v2\/posts\/603758","targetHints":{"allow":["GET"]}}],"collection":[{"href":"https:\/\/www.europesays.com\/fr\/wp-json\/wp\/v2\/posts"}],"about":[{"href":"https:\/\/www.europesays.com\/fr\/wp-json\/wp\/v2\/types\/post"}],"author":[{"embeddable":true,"href":"https:\/\/www.europesays.com\/fr\/wp-json\/wp\/v2\/users\/2"}],"replies":[{"embeddable":true,"href":"https:\/\/www.europesays.com\/fr\/wp-json\/wp\/v2\/comments?post=603758"}],"version-history":[{"count":0,"href":"https:\/\/www.europesays.com\/fr\/wp-json\/wp\/v2\/posts\/603758\/revisions"}],"wp:featuredmedia":[{"embeddable":true,"href":"https:\/\/www.europesays.com\/fr\/wp-json\/wp\/v2\/media\/506354"}],"wp:attachment":[{"href":"https:\/\/www.europesays.com\/fr\/wp-json\/wp\/v2\/media?parent=603758"}],"wp:term":[{"taxonomy":"category","embeddable":true,"href":"https:\/\/www.europesays.com\/fr\/wp-json\/wp\/v2\/categories?post=603758"},{"taxonomy":"post_tag","embeddable":true,"href":"https:\/\/www.europesays.com\/fr\/wp-json\/wp\/v2\/tags?post=603758"}],"curies":[{"name":"wp","href":"https:\/\/api.w.org\/{rel}","templated":true}]}}