{"id":603769,"date":"2025-12-16T21:19:22","date_gmt":"2025-12-16T21:19:22","guid":{"rendered":"https:\/\/www.europesays.com\/fr\/603769\/"},"modified":"2025-12-16T21:19:22","modified_gmt":"2025-12-16T21:19:22","slug":"guerre-en-ukraine-la-russie-rallume-la-clim-sur-les-negociations-de-paix-et-le-prix-du-petrole-chute","status":"publish","type":"post","link":"https:\/\/www.europesays.com\/fr\/603769\/","title":{"rendered":"Guerre en Ukraine : La Russie rallume la clim sur les n\u00e9gociations de paix et le prix du p\u00e9trole chute"},"content":{"rendered":"<p class=\"mb-4 text-lg md:leading-8 break-words\"><strong>r\u00e9cap &#8211; \u00ab\u00a020 Minutes\u00a0\u00bb fait le point pour vous tous les soirs sur le conflit en Ukraine. Ce mardi, le Kremlin a un peu douch\u00e9 l\u2019optimisme g\u00e9n\u00e9ral sur l\u2019avanc\u00e9e des n\u00e9gociations de paix<\/strong><\/p>\n<p class=\"mb-4 text-lg md:leading-8 break-words\">Vous avez rat\u00e9 les derniers \u00e9v\u00e9nements sur la <a href=\"https:\/\/www.20minutes.fr\/monde\/ukraine\/?at_medium=RSS%20feed&amp;at_campaign=ynews&amp;utm_source=yahoo&amp;utm_medium=rss&amp;utm_campaign=news_feed&amp;utm_content=in_article_link\" rel=\"nofollow noopener\" target=\"_blank\" data-ylk=\"slk:guerre en Ukraine;elm:context_link;itc:0;sec:content-canvas\" class=\"link \">guerre en Ukraine<\/a>\u00a0? 20 Minutes fait le point pour vous tous les soirs. Voici l\u2019essentiel de ce mardi 16\u00a0d\u00e9cembre, au 1.392e jour du conflit.<\/p>\n<p>Le fait du jour<\/p>\n<p class=\"mb-4 text-lg md:leading-8 break-words\">C\u2019\u00e9tait trop beau. Lundi soir <a href=\"https:\/\/www.20minutes.fr\/dossier\/donald_trump?at_medium=RSS%20feed&amp;at_campaign=ynews&amp;utm_source=yahoo&amp;utm_medium=rss&amp;utm_campaign=news_feed&amp;utm_content=in_article_link\" rel=\"nofollow noopener\" target=\"_blank\" data-ylk=\"slk:Donald Trump;elm:context_link;itc:0;sec:content-canvas\" class=\"link \">Donald Trump<\/a> affirmait qu\u2019un accord de paix n\u2019avait \u00ab\u00a0jamais\u00a0\u00bb \u00e9t\u00e9 aussi \u00ab\u00a0proche\u00a0\u00bb et <a href=\"https:\/\/www.20minutes.fr\/monde\/volodymyr-zelensky\/?at_medium=RSS%20feed&amp;at_campaign=ynews&amp;utm_source=yahoo&amp;utm_medium=rss&amp;utm_campaign=news_feed&amp;utm_content=in_article_link\" rel=\"nofollow noopener\" target=\"_blank\" data-ylk=\"slk:Volodymyr Zelensky;elm:context_link;itc:0;sec:content-canvas\" class=\"link \">Volodymyr Zelensky<\/a> louait des \u00ab\u00a0progr\u00e8s constructifs\u00a0\u00bb apr\u00e8s un deuxi\u00e8me round de n\u00e9gociations \u00e0 Berlin entre Am\u00e9ricains et Ukrainiens. Mais ce mardi, le Kremlin s\u2019est charg\u00e9 de rallumer la clim et de doucher l\u2019enthousiasme g\u00e9n\u00e9ral. \u00ab\u00a0La participation des Europ\u00e9ens, en termes d&rsquo;acceptabilit\u00e9 [de l\u2019accord par Moscou], n\u2019augure rien de bon\u00a0\u00bb, a d\u00e9clar\u00e9 le porte-parole de la pr\u00e9sidence russe, Dmitri Peskov, cit\u00e9 par les agences de presse russes. La voix de <a href=\"https:\/\/www.20minutes.fr\/monde\/vladimir_poutine\/?at_medium=RSS%20feed&amp;at_campaign=ynews&amp;utm_source=yahoo&amp;utm_medium=rss&amp;utm_campaign=news_feed&amp;utm_content=in_article_link\" rel=\"nofollow noopener\" target=\"_blank\" data-ylk=\"slk:Vladimir Poutine;elm:context_link;itc:0;sec:content-canvas\" class=\"link \">Vladimir Poutine<\/a> a expliqu\u00e9 que la <a href=\"https:\/\/www.20minutes.fr\/monde\/russie\/?at_medium=RSS%20feed&amp;at_campaign=ynews&amp;utm_source=yahoo&amp;utm_medium=rss&amp;utm_campaign=news_feed&amp;utm_content=in_article_link\" rel=\"nofollow noopener\" target=\"_blank\" data-ylk=\"slk:Russie;elm:context_link;itc:0;sec:content-canvas\" class=\"link \">Russie<\/a> devait \u00ab\u00a0d\u2019abord prendre connaissance\u00a0\u00bb de ce qui a \u00e9t\u00e9 \u00e9labor\u00e9 lors des r\u00e9centes n\u00e9gociations entre Ukrainiens et Am\u00e9ricains avant l\u2019organisation d\u2019une nouvelle rencontre, avec sa propre participation, \u00e0 ce sujet.<\/p>\n<p>La d\u00e9claration du jour<\/p>\n<blockquote class=\"mb-4 border-l-2 pl-5 italic text-tertiary\">\n<p class=\"mb-4 text-lg md:leading-8 break-words\">La ville de Koupiansk est sous contr\u00f4le de la 6e arm\u00e9e russe<\/p>\n<\/blockquote>\n<p class=\"mb-4 text-lg md:leading-8 break-words\">Cette annonce a \u00e9t\u00e9 faite ce mardi par L\u00e9onide Charov, le porte-parole du groupement militaire russe Zapad, d\u00e9ploy\u00e9 dans cette zone et n\u2019a pas \u00e9t\u00e9 comment\u00e9e par Kiev. Koupiansk est une ville-cl\u00e9 du nord-est de l\u2019Ukraine, o\u00f9 les forces ukrainiennes ont revendiqu\u00e9 r\u00e9cemment la reprise de plusieurs quartiers \u00e0 l\u2019arm\u00e9e russe.<\/p>\n<p class=\"mb-4 text-lg md:leading-8 break-words\">De \u00ab\u00a0petits groupes\u00a0\u00bb de soldats ukrainiens tentent \u00ab\u00a0t(&#8230;)<\/p>\n<p class=\"mb-4 text-lg md:leading-8 break-words\"><a href=\"https:\/\/www.20minutes.fr\/monde\/ukraine\/4191850-20251216-guerre-ukraine-russie-rallume-clim-negociations-paix-prix-petrole-chute?at_medium=RSS%20feed&amp;at_campaign=ynews&amp;utm_source=yahoo&amp;utm_medium=rss&amp;utm_campaign=news_feed&amp;utm_content=read_more_link&quot;\" rel=\"nofollow noopener\" target=\"_blank\" data-ylk=\"slk:Lire la suite sur 20minutes;elm:context_link;itc:0;sec:content-canvas\" class=\"link \">Lire la suite sur 20minutes<\/a><\/p>\n<p>\u00c0 lire aussi :<br \/><a href=\"https:\/\/www.20minutes.fr\/monde\/ukraine\/4191824-20251216-guerre-ukraine-xavier-moreau-relais-propagande-kremlin-sanctionne-union-europeenne?at_medium=RSS%20feed&amp;at_campaign=ynews&amp;utm_source=yahoo&amp;utm_medium=rss&amp;utm_campaign=news_feed&amp;utm_content=related_content_link\" rel=\"nofollow noopener\" target=\"_blank\" data-ylk=\"slk:Guerre en Ukraine\u00a0: Qui est Xavier Moreau, \u00ab\u00a0relais de la propagande du Kremlin\u00a0\u00bb, sanctionn\u00e9 par l\u2019Union europ\u00e9enne\u00a0?;elm:context_link;itc:0;sec:content-canvas\" class=\"link \">Guerre en Ukraine\u00a0: Qui est Xavier Moreau, \u00ab\u00a0relais de la propagande du Kremlin\u00a0\u00bb, sanctionn\u00e9 par l\u2019Union europ\u00e9enne\u00a0?<\/a><br \/><a href=\"https:\/\/www.20minutes.fr\/monde\/4191716-20251216-guerre-ukraine-drone-naval-frappe-sous-marin-russe-port-premiere?at_medium=RSS%20feed&amp;at_campaign=ynews&amp;utm_source=yahoo&amp;utm_medium=rss&amp;utm_campaign=news_feed&amp;utm_content=related_content_link\" rel=\"nofollow noopener\" target=\"_blank\" data-ylk=\"slk:Guerre en Ukraine\u00a0: Un drone naval aurait frapp\u00e9 un sous-marin russe dans un port, et ce serait une \u00ab\u00a0premi\u00e8re\u00a0\u00bb;elm:context_link;itc:0;sec:content-canvas\" class=\"link \">Guerre en Ukraine\u00a0: Un drone naval aurait frapp\u00e9 un sous-marin russe dans un port, et ce serait une \u00ab\u00a0premi\u00e8re\u00a0\u00bb<\/a><\/p>\n","protected":false},"excerpt":{"rendered":"r\u00e9cap &#8211; \u00ab\u00a020 Minutes\u00a0\u00bb fait le point pour vous tous les soirs sur le conflit en Ukraine. Ce&hellip;\n","protected":false},"author":2,"featured_media":603770,"comment_status":"","ping_status":"","sticky":false,"template":"","format":"standard","meta":{"footnotes":""},"categories":[1591],"tags":[642,15533,11,5438,75,1887,4998,12,1885,1886,132,220,134],"class_list":{"0":"post-603769","1":"post","2":"type-post","3":"status-publish","4":"format-standard","5":"has-post-thumbnail","7":"category-russie","8":"tag-20-minutes","9":"tag-accord-de-paix","10":"tag-actualites","11":"tag-dmitri-peskov","12":"tag-donald-trump","13":"tag-federation-de-russie","14":"tag-kremlin","15":"tag-news","16":"tag-russia","17":"tag-russian-federation","18":"tag-russie","19":"tag-ukraine","20":"tag-volodymyr-zelensky"},"share_on_mastodon":{"url":"https:\/\/pubeurope.com\/@fr\/115731337394215206","error":""},"_links":{"self":[{"href":"https:\/\/www.europesays.com\/fr\/wp-json\/wp\/v2\/posts\/603769","targetHints":{"allow":["GET"]}}],"collection":[{"href":"https:\/\/www.europesays.com\/fr\/wp-json\/wp\/v2\/posts"}],"about":[{"href":"https:\/\/www.europesays.com\/fr\/wp-json\/wp\/v2\/types\/post"}],"author":[{"embeddable":true,"href":"https:\/\/www.europesays.com\/fr\/wp-json\/wp\/v2\/users\/2"}],"replies":[{"embeddable":true,"href":"https:\/\/www.europesays.com\/fr\/wp-json\/wp\/v2\/comments?post=603769"}],"version-history":[{"count":0,"href":"https:\/\/www.europesays.com\/fr\/wp-json\/wp\/v2\/posts\/603769\/revisions"}],"wp:featuredmedia":[{"embeddable":true,"href":"https:\/\/www.europesays.com\/fr\/wp-json\/wp\/v2\/media\/603770"}],"wp:attachment":[{"href":"https:\/\/www.europesays.com\/fr\/wp-json\/wp\/v2\/media?parent=603769"}],"wp:term":[{"taxonomy":"category","embeddable":true,"href":"https:\/\/www.europesays.com\/fr\/wp-json\/wp\/v2\/categories?post=603769"},{"taxonomy":"post_tag","embeddable":true,"href":"https:\/\/www.europesays.com\/fr\/wp-json\/wp\/v2\/tags?post=603769"}],"curies":[{"name":"wp","href":"https:\/\/api.w.org\/{rel}","templated":true}]}}