{"id":603777,"date":"2025-12-16T21:23:17","date_gmt":"2025-12-16T21:23:17","guid":{"rendered":"https:\/\/www.europesays.com\/fr\/603777\/"},"modified":"2025-12-16T21:23:17","modified_gmt":"2025-12-16T21:23:17","slug":"emploi-les-travailleurs-francais-effectuent-ils-vraiment-100-heures-de-moins-que-les-allemands","status":"publish","type":"post","link":"https:\/\/www.europesays.com\/fr\/603777\/","title":{"rendered":"Emploi : les travailleurs Fran\u00e7ais effectuent-ils vraiment 100 heures de moins que les Allemands ?"},"content":{"rendered":"<p>C\u2019est la fin d\u2019un mythe. <strong>Pour certains, du moins<\/strong>, si on se r\u00e9f\u00e8re <a href=\"https:\/\/www.capital.fr\/votre-carriere\/travailler-plus-nombreux-et-tous-un-peu-plus-amelie-de-montchalin-justifie-la-suppression-des-jours-feries-1516216\" target=\"_blank\" rel=\"noopener\">aux propos tenus le 16 juillet dernier par Am\u00e9lie de Montchalin<\/a>, alors ministre charg\u00e9e des Comptes publics, d\u00e9sormais ministre de plein exercice : \u00abNous travaillons, en France, 100 heures de moins par habitant qu\u2019en Allemagne\u00bb, avait-elle d\u00e9clar\u00e9. Or, bien que le chiffre &#8211; \u00e0 recontextualiser &#8211; ne soit pas totalement faux, <strong>les travailleurs de France et de Navarre travaillent bel et bien plus que leurs voisins d\u2019outre-Rhin<\/strong> selon l\u2019\u00e9tude Rexecode concernant la dur\u00e9e effective de travail et sa quantit\u00e9 en France ainsi qu\u2019en Europe en 2024.<\/p>\n<p>Dans l\u2019\u00e9tude Rexecode, les personnes \u00e2g\u00e9es de 15 \u00e0 64 ans travaillent 1 105 heures en moyenne par an en France, contre 1 212 heures en moyenne par an en Allemagne, <strong>soit une diff\u00e9rence de 107 heures<\/strong>, peu ou prou donc la m\u00eame que celle de la ministre. Un diff\u00e9rentiel l\u00e9g\u00e8rement inf\u00e9rieur &#8211; 84 heures &#8211; lorsque l\u2019on compare la France et <a href=\"https:\/\/www.capital.fr\/economie-politique\/union-bancaire-europeenne-role-et-objectifs-1429012\" target=\"_blank\" rel=\"noopener\">l\u2019Union Europ\u00e9enne<\/a>. Au sein du groupement europ\u00e9en, <strong>la France est le troisi\u00e8me pays qui travaille le moins en termes de nombre d\u2019heures.<\/strong><\/p>\n<p>La retraite, principale raison d\u2019un nombre d\u2019heures travaill\u00e9es inf\u00e9rieures au reste de l\u2019Europe<\/p>\n<p>Comment l\u2019expliquer ? \u00abDeux choix collectifs faits par la France expliquent ces disparit\u00e9s par rapport aux autres pays europ\u00e9ens : en premier, le d\u00e9part \u00e0 la retraite plus pr\u00e9coce, avance Olivier Redoules, directeur du p\u00f4le Etudes de Rexecode. Le second est celui de la r\u00e8gle g\u00e9n\u00e9rale des 35 heures (ndlr : environ 37h en 2022 selon l\u2019Insee) pour les salari\u00e9s \u00e0 temps plein\u00bb, conclut l\u2019expert. Mais alors, <strong>qu\u2019en est-il lorsque l\u2019on consid\u00e8re seulement les personnes actuellement en emploi, salari\u00e9es ou non ?<\/strong><\/p>\n<p>Et bien, le r\u00e9sultat s\u2019inverse. Enfin, seulement concernant l\u2019Allemagne. En effet, la dur\u00e9e effective de travail des personnes en emploi dans l\u2019Hexagone est de 1 595 heures contre 1 539 heures en Allemagne. <strong>Une diff\u00e9rence qui s\u2019explique par le fait que <\/strong><a href=\"https:\/\/www.capital.fr\/votre-carriere\/travailler-en-freelance-une-pratique-qui-attire-les-cadres-jusqua-un-certain-point-1521972\" target=\"_blank\" rel=\"noopener\"><strong>les travailleurs ind\u00e9pendants<\/strong><\/a><strong> et \u00e0 temps partiel effectuent plus d\u2019heures que leurs homologues allemands.<\/strong> Les ind\u00e9pendants tricolores sont m\u00eame les sixi\u00e8mes au niveau europ\u00e9en.<\/p>\n<p>Dans les deux cas, c\u2019est plus faible que la moyenne de l\u2019Union europ\u00e9enne avec 1 667 heures en moyenne. D\u2019autres pays, comme les pays nordiques (Su\u00e8de, Danemark, Pays-Bas), sont aussi en dessous de cette moyenne europ\u00e9enne. \u00abG\u00e9n\u00e9ralement, dans les pays productifs et avec un taux d\u2019emploi \u00e9lev\u00e9, la tendance est \u00e0 travailler moins d\u2019heures, analyse Olivier Redoules. Et actuellement, si la France reste productive, <strong>son taux d\u2019emploi est bien plus faible que les pays cit\u00e9s.<\/strong> Pour l\u2019expert, le choix que doit faire la France est clair : \u00abNous n\u2019avons pas la productivit\u00e9 n\u00e9cessaire pour travailler le nombre d\u2019heures que nous effectuons actuellement\u00bb, ass\u00e8ne-t-il.<\/p>\n","protected":false},"excerpt":{"rendered":"C\u2019est la fin d\u2019un mythe. Pour certains, du moins, si on se r\u00e9f\u00e8re aux propos tenus le 16&hellip;\n","protected":false},"author":2,"featured_media":603778,"comment_status":"","ping_status":"","sticky":false,"template":"","format":"standard","meta":{"footnotes":""},"categories":[1587],"tags":[11,672,1804,1805,1803,1777,674,27,1801,12,1802,137,13920],"class_list":{"0":"post-603777","1":"post","2":"type-post","3":"status-publish","4":"format-standard","5":"has-post-thumbnail","7":"category-allemagne","8":"tag-actualites","9":"tag-allemagne","10":"tag-bundesrepublik-deutschland","11":"tag-de","12":"tag-deutschland","13":"tag-eu","14":"tag-europe","15":"tag-france","16":"tag-germany","17":"tag-news","18":"tag-republique-federale-dallemagne","19":"tag-retraite","20":"tag-temps-de-travail"},"share_on_mastodon":{"url":"https:\/\/pubeurope.com\/@fr\/115731353366852273","error":""},"_links":{"self":[{"href":"https:\/\/www.europesays.com\/fr\/wp-json\/wp\/v2\/posts\/603777","targetHints":{"allow":["GET"]}}],"collection":[{"href":"https:\/\/www.europesays.com\/fr\/wp-json\/wp\/v2\/posts"}],"about":[{"href":"https:\/\/www.europesays.com\/fr\/wp-json\/wp\/v2\/types\/post"}],"author":[{"embeddable":true,"href":"https:\/\/www.europesays.com\/fr\/wp-json\/wp\/v2\/users\/2"}],"replies":[{"embeddable":true,"href":"https:\/\/www.europesays.com\/fr\/wp-json\/wp\/v2\/comments?post=603777"}],"version-history":[{"count":0,"href":"https:\/\/www.europesays.com\/fr\/wp-json\/wp\/v2\/posts\/603777\/revisions"}],"wp:featuredmedia":[{"embeddable":true,"href":"https:\/\/www.europesays.com\/fr\/wp-json\/wp\/v2\/media\/603778"}],"wp:attachment":[{"href":"https:\/\/www.europesays.com\/fr\/wp-json\/wp\/v2\/media?parent=603777"}],"wp:term":[{"taxonomy":"category","embeddable":true,"href":"https:\/\/www.europesays.com\/fr\/wp-json\/wp\/v2\/categories?post=603777"},{"taxonomy":"post_tag","embeddable":true,"href":"https:\/\/www.europesays.com\/fr\/wp-json\/wp\/v2\/tags?post=603777"}],"curies":[{"name":"wp","href":"https:\/\/api.w.org\/{rel}","templated":true}]}}