{"id":603781,"date":"2025-12-16T21:25:12","date_gmt":"2025-12-16T21:25:12","guid":{"rendered":"https:\/\/www.europesays.com\/fr\/603781\/"},"modified":"2025-12-16T21:25:12","modified_gmt":"2025-12-16T21:25:12","slug":"le-dialogue-regional-marque-par-labsence-de-la-serbie","status":"publish","type":"post","link":"https:\/\/www.europesays.com\/fr\/603781\/","title":{"rendered":"le dialogue r\u00e9gional marqu\u00e9 par l&rsquo;absence de la Serbie"},"content":{"rendered":"<p>AA \/ Istanbul \/ Mariem Njeh<\/p>\n<p>Les dirigeants de l&rsquo;Union europ\u00e9enne et des Balkans occidentaux se r\u00e9unissent mercredi \u00e0 Bruxelles pour un sommet visant \u00e0 r\u00e9affirmer l&rsquo;ancrage europ\u00e9en de la r\u00e9gion. Cette rencontre, pr\u00e9sid\u00e9e par le pr\u00e9sident du Conseil europ\u00e9en Ant\u00f3nio Costa, s&rsquo;ouvre toutefois dans un contexte marqu\u00e9 par l&rsquo;absence annonc\u00e9e de la Serbie.<\/p>\n<p><strong>&#8211; Le boycott de Belgrade\u00a0<\/strong><\/p>\n<p>Dans une d\u00e9claration t\u00e9l\u00e9vis\u00e9e mardi, le pr\u00e9sident serbe Aleksandar Vucic a annonc\u00e9 qu&rsquo;il ne ferait pas le d\u00e9placement \u00e0 Bruxelles.\u00a0<\/p>\n<p>\u00ab Les Balkans occidentaux seront sans la R\u00e9publique de Serbie \u00bb, a-t-il d\u00e9clar\u00e9, pr\u00e9cisant avoir pris cette d\u00e9cision personnellement pour \u00ab prot\u00e9ger les int\u00e9r\u00eats \u00bb de son pays et \u00e9pargner \u00e0 son gouvernement d&rsquo;\u00e9ventuelles pressions.\u00a0<\/p>\n<p>Vu\u010di\u0107, qui s&rsquo;est entretenu en amont avec le pr\u00e9sident fran\u00e7ais Emmanuel Macron et la pr\u00e9sidente de la Commission Ursula von der Leyen, a n\u00e9anmoins tenu \u00e0 r\u00e9affirmer l&rsquo;engagement de Belgrade sur la \u00ab voie europ\u00e9enne \u00bb. C&rsquo;est la premi\u00e8re fois depuis plus d&rsquo;une d\u00e9cennie que la Serbie ne sera pas repr\u00e9sent\u00e9e \u00e0 ce niveau lors d&rsquo;un sommet avec l&rsquo;UE.<\/p>\n<p><strong>&#8211; Pristina et Tirana seront pr\u00e9sents <\/strong><\/p>\n<p><strong\/>\u00c0 l&rsquo;inverse de Belgrade, les autres capitales r\u00e9gionales ont confirm\u00e9 leur participation active. <\/p>\n<p>La pr\u00e9sidente du Kosovo, Vjosa Osmani, est arriv\u00e9e \u00e0 Bruxelles avec pour priorit\u00e9 la lev\u00e9e des mesures restrictives de l&rsquo;UE impos\u00e9es \u00e0 son pays et l&rsquo;avancement du dossier d&rsquo;int\u00e9gration. Le Premier ministre albanais Edi Rama est \u00e9galement sur place. Les discussions pour Tirana se concentreront sur le \u00ab Paquet \u00c9largissement 2025 \u00bb et la mise en \u0153uvre du Plan de croissance pour les Balkans occidentaux.<\/p>\n<p><strong>&#8211; Int\u00e9gration graduelle et s\u00e9curit\u00e9\u00a0<\/strong><\/p>\n<p>Pr\u00e9sid\u00e9 par Ant\u00f3nio Costa, en pr\u00e9sence de la pr\u00e9sidente de la Commission Ursula von der Leyen et de la Haute Repr\u00e9sentante Kaja Kallas, le sommet doit d\u00e9boucher sur une d\u00e9claration commune sur laquelle les partenaires r\u00e9gionaux sont invit\u00e9s \u00e0 s&rsquo;aligner. L&rsquo;agenda officiel porte sur :<\/p>\n<p>L&rsquo;\u00e9conomie : L&rsquo;acc\u00e9l\u00e9ration de la \u00ab convergence socio-\u00e9conomique \u00bb via le Plan de croissance dot\u00e9 de 6 milliards d&rsquo;euros, visant \u00e0 int\u00e9grer progressivement les partenaires au march\u00e9 unique europ\u00e9en.<\/p>\n<p>La s\u00e9curit\u00e9 : Le renforcement de la coop\u00e9ration en mati\u00e8re de politique \u00e9trang\u00e8re, de cybers\u00e9curit\u00e9 et de lutte contre les menaces hybrides.<\/p>\n<p>Le voisinage : Bruxelles entend insister sur la n\u00e9cessit\u00e9 de \u00ab relations de bon voisinage \u00bb et de \u00ab r\u00e9conciliation \u00bb, des pr\u00e9requis indispensables \u00e0 l&rsquo;adh\u00e9sion.<\/p>\n<p><strong>&#8211; R\u00e9union strat\u00e9gique sur le SCAF en marge du sommet\u00a0<\/strong><\/p>\n<p>L&rsquo;\u00e9v\u00e9nement servira \u00e9galement de cadre \u00e0 une r\u00e9union trilat\u00e9rale d\u00e9cisive pour l&rsquo;avenir de la d\u00e9fense europ\u00e9enne. Selon le m\u00e9dia sp\u00e9cialis\u00e9 Euractiv, le pr\u00e9sident fran\u00e7ais Emmanuel Macron, le chancelier allemand Friedrich Merz et le Premier ministre espagnol Pedro S\u00e1nchez ont pr\u00e9vu de se r\u00e9unir en marge du sommet pour discuter du Syst\u00e8me de combat a\u00e9rien du futur (SCAF). Les trois partenaires se sont donn\u00e9 jusqu&rsquo;\u00e0 la fin de l&rsquo;ann\u00e9e pour trancher l&rsquo;avenir de ce projet industriel estim\u00e9 \u00e0 100 milliards d&rsquo;euros, apr\u00e8s des mois de tensions entre les industriels du secteur.<\/p>\n<p>                            &#13;<br \/>\n                                <a href=\"https:\/\/www.aa.com.tr\/fr\/p\/abonnement\/1001\" target=\"_blank\" style=\"font-size:12px; color:#444; text-decoration:none;\" rel=\"noopener\">&#13;<br \/>\n                                    Seulement une partie des d\u00e9p\u00eaches, que l&rsquo;Agence Anadolu diffuse \u00e0 ses abonn\u00e9s via le Syst\u00e8me de Diffusion interne (HAS), est diffus\u00e9e sur le site de l&rsquo;AA, de mani\u00e8re r\u00e9sum\u00e9e. <b style=\"color:#1897F7\">Contactez-nous s&rsquo;il vous pla\u00eet pour vous abonner.<\/b>&#13;<br \/>\n                                <\/a>&#13;<\/p>\n","protected":false},"excerpt":{"rendered":"AA \/ Istanbul \/ Mariem Njeh Les dirigeants de l&rsquo;Union europ\u00e9enne et des Balkans occidentaux se r\u00e9unissent mercredi&hellip;\n","protected":false},"author":2,"featured_media":603782,"comment_status":"","ping_status":"","sticky":false,"template":"","format":"standard","meta":{"footnotes":""},"categories":[1586],"tags":[11,1785,1777,674,1779,1011,27,12,25,29284,3329,1778,71591,364],"class_list":{"0":"post-603781","1":"post","2":"type-post","3":"status-publish","4":"format-standard","5":"has-post-thumbnail","7":"category-europe","8":"tag-actualites","9":"tag-anadolu-ajansi","10":"tag-eu","11":"tag-europe","12":"tag-european-union","13":"tag-fr","14":"tag-france","15":"tag-news","16":"tag-republique-francaise","17":"tag-scaf","18":"tag-serbie","19":"tag-ue","20":"tag-ue-balkans-occidentaux","21":"tag-union-europeenne"},"share_on_mastodon":{"url":"https:\/\/pubeurope.com\/@fr\/115731361001844127","error":""},"_links":{"self":[{"href":"https:\/\/www.europesays.com\/fr\/wp-json\/wp\/v2\/posts\/603781","targetHints":{"allow":["GET"]}}],"collection":[{"href":"https:\/\/www.europesays.com\/fr\/wp-json\/wp\/v2\/posts"}],"about":[{"href":"https:\/\/www.europesays.com\/fr\/wp-json\/wp\/v2\/types\/post"}],"author":[{"embeddable":true,"href":"https:\/\/www.europesays.com\/fr\/wp-json\/wp\/v2\/users\/2"}],"replies":[{"embeddable":true,"href":"https:\/\/www.europesays.com\/fr\/wp-json\/wp\/v2\/comments?post=603781"}],"version-history":[{"count":0,"href":"https:\/\/www.europesays.com\/fr\/wp-json\/wp\/v2\/posts\/603781\/revisions"}],"wp:featuredmedia":[{"embeddable":true,"href":"https:\/\/www.europesays.com\/fr\/wp-json\/wp\/v2\/media\/603782"}],"wp:attachment":[{"href":"https:\/\/www.europesays.com\/fr\/wp-json\/wp\/v2\/media?parent=603781"}],"wp:term":[{"taxonomy":"category","embeddable":true,"href":"https:\/\/www.europesays.com\/fr\/wp-json\/wp\/v2\/categories?post=603781"},{"taxonomy":"post_tag","embeddable":true,"href":"https:\/\/www.europesays.com\/fr\/wp-json\/wp\/v2\/tags?post=603781"}],"curies":[{"name":"wp","href":"https:\/\/api.w.org\/{rel}","templated":true}]}}