{"id":603793,"date":"2025-12-16T21:36:16","date_gmt":"2025-12-16T21:36:16","guid":{"rendered":"https:\/\/www.europesays.com\/fr\/603793\/"},"modified":"2025-12-16T21:36:16","modified_gmt":"2025-12-16T21:36:16","slug":"tour-de-france-f-ferrand-prevot-vise-le-double-et-plus-encore-sports","status":"publish","type":"post","link":"https:\/\/www.europesays.com\/fr\/603793\/","title":{"rendered":"Tour de France (F)\u00a0: Ferrand-Pr\u00e9vot vise le doubl\u00e9, et plus encore : Sports"},"content":{"rendered":"<p class=\"date\">\n                                                            Mathieu Warnier, Media365 : publi\u00e9 le mardi 16 d\u00e9cembre 2025 \u00e0 21h15\n                                                    <\/p>\n<p>Alors que son retour au cyclisme sur route aura \u00e9t\u00e9 marqu\u00e9 par une victoire sur le Tour de France Femmes, Pauline Ferrand-Pr\u00e9vot aborde la saison 2026 avec une ambition renforc\u00e9e.<\/p>\n<p>L&rsquo;app\u00e9tit vient en mangeant. Revenue au cyclisme sur route apr\u00e8s avoir r\u00e9alis\u00e9 son r\u00eave de titre olympique \u00e0 Paris en 2024, Pauline Ferrand-Pr\u00e9vot a brill\u00e9 de mille feux. Apr\u00e8s <a href=\"https:\/\/sports.orange.fr\/cyclisme\/classiques\/article\/paris-roubaix-f-ferrand-prevot-signe-un-succes-retentissant-CNT000002ij4Ez.html\" target=\"_blank\" rel=\"noopener\">s&rsquo;\u00eatre adjug\u00e9e Paris-Roubaix en solitaire<\/a>, la Champenoise a fait vibrer le public fran\u00e7ais en dominant le Tour de France Femmes. Et ce alors que \u00ab\u00a0l&rsquo;objectif de cette saison \u00e9tait d&rsquo;apprendre\u00a0\u00bb. Un succ\u00e8s construit notamment sur les pentes du Col de la Madeleine, un haut-lieu de la Grande Boucle qu&rsquo;elle a attendu de pied ferme. \u00ab\u00a0Le plus difficile \u00e9tait d&rsquo;attendre jusqu&rsquo;\u00e0 l&rsquo;ascension du Col de la Madeleine car je savais que j&rsquo;\u00e9tais pr\u00eate\u00a0\u00bb, a-t-elle affirm\u00e9 dans un entretien accord\u00e9 au podcast officiel de son \u00e9quipe Visma-Lease a Bike.<\/p>\n<p>Ferrand-Pr\u00e9vot a d\u00fb apprendre la patience<\/p>\n<p>\u00ab\u00a0Mais vous ne savez jamais \u00e0 quel point vous \u00eatre pr\u00eat, a-t-elle ajout\u00e9. Vous voulez simplement y aller mais j&rsquo;ai aussi eu le sentiment de devoir \u00eatre patiente, ce qui n&rsquo;est pas une qualit\u00e9 chez moi.\u00a0\u00bb Un moment qui restera grav\u00e9 dans sa m\u00e9moire car il lui a donn\u00e9 des sensations proches de <a href=\"https:\/\/sports.orange.fr\/cyclisme\/article\/paris-2024-vtt-f-ferrand-prevot-championne-olympique-CNT000002ezRJw.html\" target=\"_blank\" rel=\"noopener\">celles v\u00e9cues sur la Colline d&rsquo;Elancourt un jour dor\u00e9 d&rsquo;\u00e9t\u00e9 2024<\/a>, celui d&rsquo;une course durant laquelle la Champenoise \u00e9tait \u00ab\u00a0en contr\u00f4le\u00a0\u00bb. \u00ab\u00a0J&rsquo;ai \u00e9galement eu ce sentiment lors des Jeux d&rsquo;\u00e9t\u00e9 et je connais assez bien cette sensation qui vous fait ressentir que rien ne peut vous arriver, a ajout\u00e9 la coureuse tricolore. Ce n&rsquo;est pas quelque chose que vous ressentez tous les jours mais c&rsquo;est tellement agr\u00e9able.\u00a0\u00bb<\/p>\n<p>Tour de France et Mondiaux sont sur sa liste<\/p>\n<p>Cette saison 2025 avait pour mot d&rsquo;ordre l&rsquo;exp\u00e9rimentation et elle compte tirer toutes les le\u00e7ons pour faire encore mieux en 2026. En effet, Pauline Ferrand-Pr\u00e9vot ne cache plus ses ambitions tr\u00e8s \u00e9lev\u00e9es pour ce qui sera la deuxi\u00e8me de ses trois ann\u00e9es de contrat avec la formation n\u00e9erlandaise. \u00ab\u00a0Je pense que je peux \u00eatre plus r\u00e9guli\u00e8re sur l&rsquo;ensemble de la saison, a-t-elle tout d&rsquo;abord affirm\u00e9. J&rsquo;aimerais remporter plus de classiques mais je veux \u00e9galement essayer de remporter \u00e0 nouveau <a href=\"https:\/\/sports.orange.fr\/cyclisme\/tour-de-france\/resultats\/article\/tour-de-france-f-e9-ferrand-prevot-immense-championne-CNT000002jRdh6.html\" target=\"_blank\" rel=\"noopener\">le Tour de France<\/a> et \u00eatre championne du monde l&rsquo;an prochain.\u00a0\u00bb Sans vraiment se l&rsquo;expliquer, Pauline Ferrand-Pr\u00e9vot a \u00ab\u00a0l&rsquo;impression que \u00e7a va \u00eatre une tr\u00e8s belle ann\u00e9e\u00a0\u00bb pour elle. Une sensation qu&rsquo;il lui faudra confirmer tr\u00e8s vite au d\u00e9but de l&rsquo;exercice 2026.<\/p>\n","protected":false},"excerpt":{"rendered":"Mathieu Warnier, Media365 : publi\u00e9 le mardi 16 d\u00e9cembre 2025 \u00e0 21h15 Alors que son retour au cyclisme&hellip;\n","protected":false},"author":2,"featured_media":603794,"comment_status":"","ping_status":"","sticky":false,"template":"","format":"standard","meta":{"footnotes":""},"categories":[1411],"tags":[1154,207,1011,27,60],"class_list":{"0":"post-603793","1":"post","2":"type-post","3":"status-publish","4":"format-standard","5":"has-post-thumbnail","7":"category-cyclisme","8":"tag-cycling","9":"tag-cyclisme","10":"tag-fr","11":"tag-france","12":"tag-sports"},"share_on_mastodon":{"url":"https:\/\/pubeurope.com\/@fr\/115731404259296901","error":""},"_links":{"self":[{"href":"https:\/\/www.europesays.com\/fr\/wp-json\/wp\/v2\/posts\/603793","targetHints":{"allow":["GET"]}}],"collection":[{"href":"https:\/\/www.europesays.com\/fr\/wp-json\/wp\/v2\/posts"}],"about":[{"href":"https:\/\/www.europesays.com\/fr\/wp-json\/wp\/v2\/types\/post"}],"author":[{"embeddable":true,"href":"https:\/\/www.europesays.com\/fr\/wp-json\/wp\/v2\/users\/2"}],"replies":[{"embeddable":true,"href":"https:\/\/www.europesays.com\/fr\/wp-json\/wp\/v2\/comments?post=603793"}],"version-history":[{"count":0,"href":"https:\/\/www.europesays.com\/fr\/wp-json\/wp\/v2\/posts\/603793\/revisions"}],"wp:featuredmedia":[{"embeddable":true,"href":"https:\/\/www.europesays.com\/fr\/wp-json\/wp\/v2\/media\/603794"}],"wp:attachment":[{"href":"https:\/\/www.europesays.com\/fr\/wp-json\/wp\/v2\/media?parent=603793"}],"wp:term":[{"taxonomy":"category","embeddable":true,"href":"https:\/\/www.europesays.com\/fr\/wp-json\/wp\/v2\/categories?post=603793"},{"taxonomy":"post_tag","embeddable":true,"href":"https:\/\/www.europesays.com\/fr\/wp-json\/wp\/v2\/tags?post=603793"}],"curies":[{"name":"wp","href":"https:\/\/api.w.org\/{rel}","templated":true}]}}