{"id":603799,"date":"2025-12-16T21:39:15","date_gmt":"2025-12-16T21:39:15","guid":{"rendered":"https:\/\/www.europesays.com\/fr\/603799\/"},"modified":"2025-12-16T21:39:15","modified_gmt":"2025-12-16T21:39:15","slug":"loeil-du-photographe-dans-le-cap-sizun-un-ferry-frole-la-vieille-au-lever-du-jour","status":"publish","type":"post","link":"https:\/\/www.europesays.com\/fr\/603799\/","title":{"rendered":"L\u2019\u0153il du photographe dans le Cap-Sizun\u00a0: un ferry fr\u00f4le la Vieille au lever du jour"},"content":{"rendered":"<p>Pr\u00e9sent \u00e0 la Pointe du Raz au lever du jour, mercredi 10 d\u00e9cembre, le photographe Thierry Fontaine a assist\u00e9 \u00e0 une sc\u00e8ne peu commune. Un ferry a long\u00e9 de tr\u00e8s pr\u00e8s le phare de la Vieille avant de mettre le cap sur le golfe de Gascogne. Une man\u0153uvre audacieuse, qui n\u2019a sans doute pas \u00e9chapp\u00e9 \u00e0 la vigilance des \u00e9quipes du s\u00e9maphore. Install\u00e9 \u00e0 Locronan, Thierry Fontaine expose, aux c\u00f4t\u00e9s de sa compagne \u00e9galement photographe, des images du littoral finist\u00e9rien \u00e0 la galerie Entre-Vues. Pour \u00eatre publi\u00e9 dans cette rubrique, adressez-nous vos clich\u00e9s, r\u00e9cents de pr\u00e9f\u00e9rence et d\u2019une r\u00e9solution d\u2019au moins 1 Mo, \u00e0 douarnenez@letelegramme.fr. L\u2019envoi des images vaut autorisation de publication gratuite dans nos colonnes et sur le site internet du T\u00e9l\u00e9gramme.<\/p>\n","protected":false},"excerpt":{"rendered":"Pr\u00e9sent \u00e0 la Pointe du Raz au lever du jour, mercredi 10 d\u00e9cembre, le photographe Thierry Fontaine a&hellip;\n","protected":false},"author":2,"featured_media":603800,"comment_status":"","ping_status":"","sticky":false,"template":"","format":"standard","meta":{"footnotes":""},"categories":[1358],"tags":[1348,1384,1385,1386,58,3320,59,1011,27,71593,8318,71592],"class_list":{"0":"post-603799","1":"post","2":"type-post","3":"status-publish","4":"format-standard","5":"has-post-thumbnail","7":"category-arts-et-design","8":"tag-arts","9":"tag-arts-and-design","10":"tag-arts-et-design","11":"tag-design","12":"tag-divertissement","13":"tag-douarnenez","14":"tag-entertainment","15":"tag-fr","16":"tag-france","17":"tag-loeil-du-photographe-dans-le-pays-de-douarnenez","18":"tag-locronan","19":"tag-plogoff"},"share_on_mastodon":{"url":"https:\/\/pubeurope.com\/@fr\/115731415911018361","error":""},"_links":{"self":[{"href":"https:\/\/www.europesays.com\/fr\/wp-json\/wp\/v2\/posts\/603799","targetHints":{"allow":["GET"]}}],"collection":[{"href":"https:\/\/www.europesays.com\/fr\/wp-json\/wp\/v2\/posts"}],"about":[{"href":"https:\/\/www.europesays.com\/fr\/wp-json\/wp\/v2\/types\/post"}],"author":[{"embeddable":true,"href":"https:\/\/www.europesays.com\/fr\/wp-json\/wp\/v2\/users\/2"}],"replies":[{"embeddable":true,"href":"https:\/\/www.europesays.com\/fr\/wp-json\/wp\/v2\/comments?post=603799"}],"version-history":[{"count":0,"href":"https:\/\/www.europesays.com\/fr\/wp-json\/wp\/v2\/posts\/603799\/revisions"}],"wp:featuredmedia":[{"embeddable":true,"href":"https:\/\/www.europesays.com\/fr\/wp-json\/wp\/v2\/media\/603800"}],"wp:attachment":[{"href":"https:\/\/www.europesays.com\/fr\/wp-json\/wp\/v2\/media?parent=603799"}],"wp:term":[{"taxonomy":"category","embeddable":true,"href":"https:\/\/www.europesays.com\/fr\/wp-json\/wp\/v2\/categories?post=603799"},{"taxonomy":"post_tag","embeddable":true,"href":"https:\/\/www.europesays.com\/fr\/wp-json\/wp\/v2\/tags?post=603799"}],"curies":[{"name":"wp","href":"https:\/\/api.w.org\/{rel}","templated":true}]}}