{"id":603806,"date":"2025-12-16T21:44:11","date_gmt":"2025-12-16T21:44:11","guid":{"rendered":"https:\/\/www.europesays.com\/fr\/603806\/"},"modified":"2025-12-16T21:44:11","modified_gmt":"2025-12-16T21:44:11","slug":"le-succes-contagieux-des-pactes-grandir-mieux-sans-smartphone-lances-par-des-parents","status":"publish","type":"post","link":"https:\/\/www.europesays.com\/fr\/603806\/","title":{"rendered":"le succ\u00e8s contagieux des pactes \u00abgrandir mieux sans smartphone\u00bb, lanc\u00e9s par des parents"},"content":{"rendered":"<p>\n    <strong>D\u00c9CRYPTAGE &#8211;<\/strong> Les signataires s\u2019engagent \u00e0 \u00e9quiper leurs enfants le plus tard possible, et pas avant 15\u00a0ans.<\/p>\n<p class=\"fig-paragraph\">Les parents organisent la r\u00e9sistance contre la pression des \u00e9crans. Depuis 2024, les pactes sign\u00e9s par des parents pour\u00a0<a href=\"https:\/\/pactesmartphone.fr\/home\" target=\"_blank\" rel=\"sponsored noopener\" data-gtm-custom-categorie=\"navigation\" data-gtm-custom-action=\"crossclick\" data-gtm-custom-label=\"Contextuel\" data-gtm-event=\"customEventSPE\">\u00ab\u00a0grandir mieux sans smartphone\u00a0\u00bb<\/a>\u00a0se multiplient en France. Les signataires s\u2019engagent \u00e0 \u00e9quiper leurs enfants le plus tard possible, et pas avant 15\u00a0ans. Soit quatre ans apr\u00e8s l\u2019<a href=\"http:\/\/www.lefigaro.fr\/actualite-france\/a-partir-de-quand-peut-on-donner-un-telephone-a-son-enfant-20250827\" data-fig-type=\"Article\" data-gtm-custom-categorie=\"navigation\" data-gtm-custom-action=\"crossclick\" data-gtm-custom-label=\"Contextuel\" data-gtm-event=\"customEventSPE\" data-fig-domain=\"LEFIGARO\" target=\"_blank\" rel=\"noopener\">\u00e2ge moyen d\u2019acquisition du premier smartphone<\/a>, estim\u00e9 \u00e0 11\u00a0ans aujourd\u2019hui.<\/p>\n<p class=\"fig-paragraph\">En quelques mois, le mouvement a pris une ampleur in\u00e9dite. Des centaines de pactes ont vu le jour dans la foul\u00e9e de<a href=\"http:\/\/www.lefigaro.fr\/actualite-france\/smartphones-tablettes-a-l-ecole-la-chasse-aux-ecrans-est-ouverte-20240828\" data-fig-type=\"Article\" data-gtm-custom-categorie=\"navigation\" data-gtm-custom-action=\"crossclick\" data-gtm-custom-label=\"Contextuel\" data-gtm-event=\"customEventSPE\" data-fig-domain=\"LEFIGARO\" target=\"_blank\" rel=\"noopener\">\u00a0la premi\u00e8re initiative lanc\u00e9e par cinq parents, dont Olivier Le\u00a0Port<\/a>, un p\u00e8re de deux enfants vivant \u00e0 Betton, dans la banlieue de Rennes. Du\u00a0Havre \u00e0 Rueil-Malmaison, de Lyon \u00e0 la Polyn\u00e9sie fran\u00e7aise, ces groupes de parents ont essaim\u00e9 dans tous les d\u00e9partements, \u00e0 l\u2019initiative de quelques volontaires.<\/p>\n<p>                                            Les parents se conseillent, s\u2019encouragent et s\u2019informent<\/p>\n<p class=\"fig-paragraph\">Afin de cr\u00e9er un effet boule de neige, ils misent sur les associations de parents d\u2019\u00e9l\u00e8ves, les parents d\u00e9l\u00e9gu\u00e9s, les chefs d\u2019\u00e9tablissement. \u00ab\u00a0L\u2019objectif est de pouvoir choisir nous-m\u00eame en faisant baisser\u2026<\/p>\n<p class=\"fig-premium-paywall__infos\">\n        Cet article est r\u00e9serv\u00e9 aux abonn\u00e9s.        Il vous reste 87% \u00e0 d\u00e9couvrir.\n    <\/p>\n<p>                <img  data- alt=\"Le Figaro\" class=\"fig-img--complete fig-img\"\/><\/p>\n<p class=\"fig-premium-paywall__title\">Vente Flash<\/p>\n<p class=\"fig-premium-paywall__subtitle\">-50% sur l&rsquo;abonnement num\u00e9rique<\/p>\n<p class=\"fig-premium-paywall__connect\">\n                D\u00e9j\u00e0 abonn\u00e9\u00a0?                <a class=\"fig-premium-paywall__connect-link\" href=\"https:\/\/connect.lefigaro.fr\/login?client=horizon_web&amp;type=main&amp;redirect_uri=https%3A%2F%2Fwww.lefigaro.fr%2Factualite-france%2Fl-enfance-passe-vite-on-ne-peut-pas-attendre-le-succes-contagieux-des-pactes-grandir-mieux-sans-smartphone-lances-par-des-parents-20251216\" data-js-gtm=\"{&quot;customCategorie&quot;: &quot;conversion&quot;, &quot;customAction&quot;: &quot;before_Landing_Connexion_paywall_auto&quot;, &quot;customLabel&quot;: &quot;bGVmaWdhcm8uZnJfXzFmMGQ5YTkzLTEzZTktNjE3YS05Nzc2LTZkZTQyZjQ0YThiY19fQXJ0aWNsZQ==_\u00abL\u2019enfance passe vite, on ne peut pas attendre\u00bb\u00a0: le succ\u00e8s contagieux des pactes \u00abgrandir mieux sans smartphone\u00bb, lanc\u00e9s par des parents_202&quot;, &quot;customIDSPE&quot;: &quot;bGVmaWdhcm8uZnJfXzFmMGQ5YTkzLTEzZTktNjE3YS05Nzc2LTZkZTQyZjQ0YThiY19fQXJ0aWNsZQ==&quot;, &quot;event&quot;: &quot;customEventSPE&quot;}\" target=\"_blank\" rel=\"noopener\"><br \/>\n                    Connectez-vous<br \/>\n                <\/a>\n            <\/p>\n","protected":false},"excerpt":{"rendered":"D\u00c9CRYPTAGE &#8211; Les signataires s\u2019engagent \u00e0 \u00e9quiper leurs enfants le plus tard possible, et pas avant 15\u00a0ans. Les&hellip;\n","protected":false},"author":2,"featured_media":603807,"comment_status":"","ping_status":"","sticky":false,"template":"","format":"standard","meta":{"footnotes":""},"categories":[10],"tags":[6654,3959,20210,1719,1011,27,72,71,724],"class_list":{"0":"post-603806","1":"post","2":"type-post","3":"status-publish","4":"format-standard","5":"has-post-thumbnail","7":"category-sante","8":"tag-addiction","9":"tag-adolescents","10":"tag-ecrans","11":"tag-enfants","12":"tag-fr","13":"tag-france","14":"tag-health","15":"tag-sante","16":"tag-smartphone"},"share_on_mastodon":{"url":"https:\/\/pubeurope.com\/@fr\/115731435730356957","error":""},"_links":{"self":[{"href":"https:\/\/www.europesays.com\/fr\/wp-json\/wp\/v2\/posts\/603806","targetHints":{"allow":["GET"]}}],"collection":[{"href":"https:\/\/www.europesays.com\/fr\/wp-json\/wp\/v2\/posts"}],"about":[{"href":"https:\/\/www.europesays.com\/fr\/wp-json\/wp\/v2\/types\/post"}],"author":[{"embeddable":true,"href":"https:\/\/www.europesays.com\/fr\/wp-json\/wp\/v2\/users\/2"}],"replies":[{"embeddable":true,"href":"https:\/\/www.europesays.com\/fr\/wp-json\/wp\/v2\/comments?post=603806"}],"version-history":[{"count":0,"href":"https:\/\/www.europesays.com\/fr\/wp-json\/wp\/v2\/posts\/603806\/revisions"}],"wp:featuredmedia":[{"embeddable":true,"href":"https:\/\/www.europesays.com\/fr\/wp-json\/wp\/v2\/media\/603807"}],"wp:attachment":[{"href":"https:\/\/www.europesays.com\/fr\/wp-json\/wp\/v2\/media?parent=603806"}],"wp:term":[{"taxonomy":"category","embeddable":true,"href":"https:\/\/www.europesays.com\/fr\/wp-json\/wp\/v2\/categories?post=603806"},{"taxonomy":"post_tag","embeddable":true,"href":"https:\/\/www.europesays.com\/fr\/wp-json\/wp\/v2\/tags?post=603806"}],"curies":[{"name":"wp","href":"https:\/\/api.w.org\/{rel}","templated":true}]}}