{"id":60382,"date":"2025-04-28T22:58:14","date_gmt":"2025-04-28T22:58:14","guid":{"rendered":"https:\/\/www.europesays.com\/fr\/60382\/"},"modified":"2025-04-28T22:58:14","modified_gmt":"2025-04-28T22:58:14","slug":"on-sait-enfin-pourquoi-maitre-yoda-parle-a-lenvers","status":"publish","type":"post","link":"https:\/\/www.europesays.com\/fr\/60382\/","title":{"rendered":"on sait enfin pourquoi Ma\u00eetre Yoda parle \u00e0 l\u2019envers"},"content":{"rendered":"<p>\u00ab\u00a0Beaucoup encore, il te reste \u00e0 apprendre\u00a0\u00bb, \u00ab\u00a0Ta peur, tu dois nommer\u00a0\u00bb\u2026. Autant de r\u00e9pliques cultes du personnage Yoda qui sont rest\u00e9es en m\u00e9moire <a class=\"link \" href=\"https:\/\/www.lepoint.fr\/pop-culture\/que-vaut-la-nouvelle-saison-d-andor-dernier-espoir-de-la-saga-star-wars-21-04-2025-2587845_2920.php\" rel=\"nofollow noopener\" target=\"_blank\" data-ylk=\"slk:des fans de la saga Star Wars;elm:context_link;itc:0;sec:content-canvas\">des fans de la saga Star Wars<\/a>. Lors du TCM Classic Film Festival \u00e0 Hollywood, le r\u00e9alisateur George Lucas a expliqu\u00e9, vendredi 25\u00a0avril, les raisons de ce phras\u00e9 si particulier.<\/p>\n<p>Dans chacune de ses r\u00e9pliques, le Jedi place le verbe \u00e0 la fin de sa phrase, comme lorsqu&rsquo;il inculque ses le\u00e7ons de vie \u00e0 Luke Skywalker en lui disant\u00a0: \u00ab\u00a0Quand 900\u00a0ans comme moi tu auras, moins en forme, tu seras.\u00a0\u00bb<\/p>\n<p>En marge d&rsquo;une projection sp\u00e9ciale \u00e0 l&rsquo;occasion des 45\u00a0ans de <a class=\"link \" href=\"https:\/\/www.lepoint.fr\/pop-culture\/l-empire-contre-attaque-40-ans-toujours-plus-beau-21-05-2020-2376397_2920.php\" rel=\"nofollow noopener\" target=\"_blank\" data-ylk=\"slk:la sortie de L&#039;Empire contre-attaque;elm:context_link;itc:0;sec:content-canvas\">la sortie de L&rsquo;Empire contre-attaque<\/a>, George Lucas a fait savoir que ce choix \u00e9tait une mani\u00e8re de faire r\u00e9sonner davantage les phrases du Sage.<\/p>\n<p>Yoda, \u00ab\u00a0le philosophe du film\u00a0\u00bb<\/p>\n<p>\u00ab\u00a0Si on parle normalement, les gens ne vont pas sp\u00e9cialement faire attention. Mais s&rsquo;il a un accent ou s&rsquo;il est plus dur de le comprendre\u2026 Les gens vont davantage \u00eatre attentifs\u00a0\u00e0 ce qu&rsquo;il dit\u00a0\u00bb, a-t-il expliqu\u00e9.<\/p>\n<p>Ma\u00eetre Yoda \u00e9tant \u00ab\u00a0le philosophe du film\u00a0\u00bb, il fallait \u00ab\u00a0trouver un moyen pour que les gens l&rsquo;\u00e9coutent vraiment, surtout des ados de 12\u00a0ans\u00a0\u00bb, a poursuivi le cin\u00e9aste am\u00e9ricain.<\/p>\n","protected":false},"excerpt":{"rendered":"\u00ab\u00a0Beaucoup encore, il te reste \u00e0 apprendre\u00a0\u00bb, \u00ab\u00a0Ta peur, tu dois nommer\u00a0\u00bb\u2026. Autant de r\u00e9pliques cultes du personnage&hellip;\n","protected":false},"author":2,"featured_media":60383,"comment_status":"","ping_status":"","sticky":false,"template":"","format":"standard","meta":{"footnotes":""},"categories":[1354],"tags":[58,59,1346,1011,27,12550,15735,1360,15734,15733,1516],"class_list":{"0":"post-60382","1":"post","2":"type-post","3":"status-publish","4":"format-standard","5":"has-post-thumbnail","7":"category-films","8":"tag-divertissement","9":"tag-entertainment","10":"tag-films","11":"tag-fr","12":"tag-france","13":"tag-george-lucas","14":"tag-luke-skywalker","15":"tag-movies","16":"tag-repliques-cultes","17":"tag-tcm-classic-film-festival","18":"tag-yoda"},"share_on_mastodon":{"url":"https:\/\/pubeurope.com\/@fr\/114418070668057994","error":""},"_links":{"self":[{"href":"https:\/\/www.europesays.com\/fr\/wp-json\/wp\/v2\/posts\/60382","targetHints":{"allow":["GET"]}}],"collection":[{"href":"https:\/\/www.europesays.com\/fr\/wp-json\/wp\/v2\/posts"}],"about":[{"href":"https:\/\/www.europesays.com\/fr\/wp-json\/wp\/v2\/types\/post"}],"author":[{"embeddable":true,"href":"https:\/\/www.europesays.com\/fr\/wp-json\/wp\/v2\/users\/2"}],"replies":[{"embeddable":true,"href":"https:\/\/www.europesays.com\/fr\/wp-json\/wp\/v2\/comments?post=60382"}],"version-history":[{"count":0,"href":"https:\/\/www.europesays.com\/fr\/wp-json\/wp\/v2\/posts\/60382\/revisions"}],"wp:featuredmedia":[{"embeddable":true,"href":"https:\/\/www.europesays.com\/fr\/wp-json\/wp\/v2\/media\/60383"}],"wp:attachment":[{"href":"https:\/\/www.europesays.com\/fr\/wp-json\/wp\/v2\/media?parent=60382"}],"wp:term":[{"taxonomy":"category","embeddable":true,"href":"https:\/\/www.europesays.com\/fr\/wp-json\/wp\/v2\/categories?post=60382"},{"taxonomy":"post_tag","embeddable":true,"href":"https:\/\/www.europesays.com\/fr\/wp-json\/wp\/v2\/tags?post=60382"}],"curies":[{"name":"wp","href":"https:\/\/api.w.org\/{rel}","templated":true}]}}