{"id":603821,"date":"2025-12-16T21:52:36","date_gmt":"2025-12-16T21:52:36","guid":{"rendered":"https:\/\/www.europesays.com\/fr\/603821\/"},"modified":"2025-12-16T21:52:36","modified_gmt":"2025-12-16T21:52:36","slug":"jordan-da-silva-maire-de-7-700-habitants-et-patron-de-1-000-salaries","status":"publish","type":"post","link":"https:\/\/www.europesays.com\/fr\/603821\/","title":{"rendered":"Jordan Da Silva, maire de 7\u00a0700 habitants et patron de 1\u00a0000 salari\u00e9s"},"content":{"rendered":"<p>\u00ab\u00a0\u00c9videmment, il y a tous les nouveaux outils num\u00e9riques, qui aident beaucoup\u00a0: les mails, les visioconf\u00e9rences, les signatures \u00e9lectroniques\u2026 Mais il y a surtout tous ceux qui m\u2019entourent\u00a0: mes coll\u00e8gues \u00e9lus et les services c\u00f4t\u00e9 mairie, mon associ\u00e9 et mes collaborateurs c\u00f4t\u00e9 professionnel.\u00a0Sans eux, c\u2019est s\u00fbr que je ne pourrais pas tout g\u00e9rer.\u00a0\u00bb<\/p>\n<p>\u00c9lu municipal depuis 2008, Jordan Da Silva, 39 ans aujourd\u2019hui, est le maire de Villars depuis 2018, lorsqu\u2019il avait succ\u00e9d\u00e9 \u00e0 Paul Celle, d\u00e9missionnaire. Apr\u00e8s avoir \u00e9t\u00e9 r\u00e9\u00e9lu en 2020, il devrait, sans grande surprise, \u00e0 nouveau solliciter les suffrages des Villardaires en mars prochain, m\u00eame s\u2019il laisse encore planer le suspense sur sa candidature.<\/p>\n<p>Des d\u00e9placements de plusieurs jours outre-mer<\/p>\n<p>Mais en plus de diriger une commune de 7\u00a0700 habitants, Jordan Da Silva est aussi \u00e0 la t\u00eate d\u2019une entreprise qui compte plus de 1\u00a0000&#8230;<\/p>\n","protected":false},"excerpt":{"rendered":"\u00ab\u00a0\u00c9videmment, il y a tous les nouveaux outils num\u00e9riques, qui aident beaucoup\u00a0: les mails, les visioconf\u00e9rences, les signatures&hellip;\n","protected":false},"author":2,"featured_media":603822,"comment_status":"","ping_status":"","sticky":false,"template":"","format":"standard","meta":{"footnotes":""},"categories":[9653],"tags":[1111,11,2430,7539,4188,1777,674,1011,27,12,316,25,4001,9664,10246],"class_list":{"0":"post-603821","1":"post","2":"type-post","3":"status-publish","4":"format-standard","5":"has-post-thumbnail","7":"category-saint-etienne","8":"tag-actu","9":"tag-actualites","10":"tag-auvergne-rhone-alpes","11":"tag-edition-loire-sud","12":"tag-elections-municipales","13":"tag-eu","14":"tag-europe","15":"tag-fr","16":"tag-france","17":"tag-news","18":"tag-politique","19":"tag-republique-francaise","20":"tag-saint-etienne","21":"tag-saint-etienne-bassin","22":"tag-villars"},"share_on_mastodon":{"url":"https:\/\/pubeurope.com\/@fr\/115731467132833951","error":""},"_links":{"self":[{"href":"https:\/\/www.europesays.com\/fr\/wp-json\/wp\/v2\/posts\/603821","targetHints":{"allow":["GET"]}}],"collection":[{"href":"https:\/\/www.europesays.com\/fr\/wp-json\/wp\/v2\/posts"}],"about":[{"href":"https:\/\/www.europesays.com\/fr\/wp-json\/wp\/v2\/types\/post"}],"author":[{"embeddable":true,"href":"https:\/\/www.europesays.com\/fr\/wp-json\/wp\/v2\/users\/2"}],"replies":[{"embeddable":true,"href":"https:\/\/www.europesays.com\/fr\/wp-json\/wp\/v2\/comments?post=603821"}],"version-history":[{"count":0,"href":"https:\/\/www.europesays.com\/fr\/wp-json\/wp\/v2\/posts\/603821\/revisions"}],"wp:featuredmedia":[{"embeddable":true,"href":"https:\/\/www.europesays.com\/fr\/wp-json\/wp\/v2\/media\/603822"}],"wp:attachment":[{"href":"https:\/\/www.europesays.com\/fr\/wp-json\/wp\/v2\/media?parent=603821"}],"wp:term":[{"taxonomy":"category","embeddable":true,"href":"https:\/\/www.europesays.com\/fr\/wp-json\/wp\/v2\/categories?post=603821"},{"taxonomy":"post_tag","embeddable":true,"href":"https:\/\/www.europesays.com\/fr\/wp-json\/wp\/v2\/tags?post=603821"}],"curies":[{"name":"wp","href":"https:\/\/api.w.org\/{rel}","templated":true}]}}