{"id":603837,"date":"2025-12-16T22:00:46","date_gmt":"2025-12-16T22:00:46","guid":{"rendered":"https:\/\/www.europesays.com\/fr\/603837\/"},"modified":"2025-12-16T22:00:46","modified_gmt":"2025-12-16T22:00:46","slug":"rouen-des-habitations-chauffees-par-un-crematorium-pour-faire-des-economies-denergie","status":"publish","type":"post","link":"https:\/\/www.europesays.com\/fr\/603837\/","title":{"rendered":"Rouen : des habitations chauff\u00e9es par un cr\u00e9matorium pour faire des \u00e9conomies d&rsquo;\u00e9nergie"},"content":{"rendered":"<p>En Normandie, les fours cr\u00e9matoires de la ville du Petit-Quevilly ne servent pas qu\u2019\u00e0 l\u2019incin\u00e9ration des d\u00e9funts. Selon <a href=\"https:\/\/www.franceinfo.fr\/environnement\/actions-ecologiques\/en-toute-sobriete-face-a-la-crise-climatique\/reportage-comme-ca-il-n-y-a-pas-de-perte-pres-de-rouen-un-crematorium-chauffe-des-logements-pour-economiser-de-l-energie_7655447.html\" target=\"_blank\" rel=\"noopener\">Franceinfo<\/a>, la commune aurait impuls\u00e9 un projet en 2018, permettant de relier le cr\u00e9matorium de la ville \u00e0 un circuit de canalisation mesurant plus de 20 kilom\u00e8tres. Depuis 1974, cette installation est li\u00e9e \u00e0 l\u2019usine d\u2019incin\u00e9ration des d\u00e9chets de la ville, qui permet de r\u00e9utiliser la chaleur produite par celle-ci. Apr\u00e8s l\u2019ouverture du cr\u00e9matorium en 2020, l\u2019\u00e9nergie fournie par celui-ci fut associ\u00e9e au r\u00e9seau existant pour en augmenter la puissance.<\/p>\n<p>La maire socialiste de la municipalit\u00e9, Charlotte Goujon, explique sa volont\u00e9 : \u00ab Nous avons voulu que l\u2019\u00e9nergie qui est utilis\u00e9e pour le fonctionnement du b\u00e2timent ne soit pas perdue. \u00bb Une initiative soutenue par la m\u00e9tropole de Rouen : \u00ab Nous avons souhait\u00e9 que l\u2019\u00e9nergie qui <a href=\"https:\/\/www.valeursactuelles.com\/clubvaleurs\/societe\/electricite-stop-au-masochisme\" target=\"_blank\" rel=\"noopener\">s\u2019envolait dans la nature<\/a> puisse \u00eatre r\u00e9cup\u00e9r\u00e9e. M\u00eame si, \u00e0 l\u2019\u00e9poque, c\u2019\u00e9tait assez innovant, os\u00e9 m\u00eame. Il a fallu expliquer le fonctionnement de ce syst\u00e8me aux habitants et aux politiques\u2026 Certains nous disaient de ne pas le faire \u00bb, explique Gwena\u00eblle Sala\u00fcn, ing\u00e9nieure territoriale de la ville.<\/p>\n<p>Une initiative bien accueillie par les habitants<\/p>\n<p>\u00c0 l\u2019annonce du projet, l\u2019inqui\u00e9tude des riverains n\u2019\u00e9tait pas tourn\u00e9e vers l\u2019aspect \u00e9thique, mais plut\u00f4t autour des perspectives techniques. Charlotte Goujon, maire de la ville, se rem\u00e9more : \u00ab Les questions concernaient surtout le bruit ou les \u00e9ventuelles fum\u00e9es qui pourraient provenir du cr\u00e9matorium. \u00bb<\/p>\n<p>Les fours cr\u00e9matoires de la ville peuvent r\u00e9aliser jusqu\u2019\u00e0 neuf incin\u00e9rations par jour en montant \u00e0 une temp\u00e9rature comprise entre 790 et 900 degr\u00e9s pendant une dur\u00e9e de 90 minutes. \u00ab L\u2019id\u00e9e est de r\u00e9cup\u00e9rer une partie de la chaleur produite par la combustion du gaz au lieu de la perdre \u00bb, pr\u00e9cise Christian Longuemare, responsable du service chaleur \u00e0 la m\u00e9tropole de Rouen. L\u2019objectif : \u00ab ma\u00eetriser les factures, qui sont rest\u00e9es stables pour les habitants quand celles des autres explosaient apr\u00e8s <a href=\"https:\/\/www.valeursactuelles.com\/clubvaleurs\/societe\/une-guerre-ne-simprovise-pas-lavertissement-du-general-christophe-gomart\" target=\"_blank\" rel=\"noopener\">l\u2019invasion de l\u2019Ukraine<\/a> par la Russie \u00bb, selon Charlotte Goujon.<\/p>\n<p>La r\u00e9cup\u00e9ration de l\u2019\u00e9nergie fournie par le cr\u00e9matorium du Petit-Quevilly est une op\u00e9ration qui aura co\u00fbt\u00e9 plus de 100 000 euros \u00e0 la collectivit\u00e9. Un projet qui permet aujourd\u2019hui de chauffer enti\u00e8rement le cr\u00e9matorium et plus de cent habitations aux alentours.<\/p>\n","protected":false},"excerpt":{"rendered":"En Normandie, les fours cr\u00e9matoires de la ville du Petit-Quevilly ne servent pas qu\u2019\u00e0 l\u2019incin\u00e9ration des d\u00e9funts. Selon&hellip;\n","protected":false},"author":2,"featured_media":603838,"comment_status":"","ping_status":"","sticky":false,"template":"","format":"standard","meta":{"footnotes":""},"categories":[9587],"tags":[1111,11,51,2830,1777,674,1011,27,12,5161,5140,25,9590,70072],"class_list":{"0":"post-603837","1":"post","2":"type-post","3":"status-publish","4":"format-standard","5":"has-post-thumbnail","7":"category-rouen","8":"tag-actu","9":"tag-actualites","10":"tag-ecologie","11":"tag-energies-renouvelables","12":"tag-eu","13":"tag-europe","14":"tag-fr","15":"tag-france","16":"tag-news","17":"tag-normandie","18":"tag-rechauffement-climatique","19":"tag-republique-francaise","20":"tag-rouen","21":"tag-vie-chere"},"share_on_mastodon":{"url":"https:\/\/pubeurope.com\/@fr\/115731498478094543","error":""},"_links":{"self":[{"href":"https:\/\/www.europesays.com\/fr\/wp-json\/wp\/v2\/posts\/603837","targetHints":{"allow":["GET"]}}],"collection":[{"href":"https:\/\/www.europesays.com\/fr\/wp-json\/wp\/v2\/posts"}],"about":[{"href":"https:\/\/www.europesays.com\/fr\/wp-json\/wp\/v2\/types\/post"}],"author":[{"embeddable":true,"href":"https:\/\/www.europesays.com\/fr\/wp-json\/wp\/v2\/users\/2"}],"replies":[{"embeddable":true,"href":"https:\/\/www.europesays.com\/fr\/wp-json\/wp\/v2\/comments?post=603837"}],"version-history":[{"count":0,"href":"https:\/\/www.europesays.com\/fr\/wp-json\/wp\/v2\/posts\/603837\/revisions"}],"wp:featuredmedia":[{"embeddable":true,"href":"https:\/\/www.europesays.com\/fr\/wp-json\/wp\/v2\/media\/603838"}],"wp:attachment":[{"href":"https:\/\/www.europesays.com\/fr\/wp-json\/wp\/v2\/media?parent=603837"}],"wp:term":[{"taxonomy":"category","embeddable":true,"href":"https:\/\/www.europesays.com\/fr\/wp-json\/wp\/v2\/categories?post=603837"},{"taxonomy":"post_tag","embeddable":true,"href":"https:\/\/www.europesays.com\/fr\/wp-json\/wp\/v2\/tags?post=603837"}],"curies":[{"name":"wp","href":"https:\/\/api.w.org\/{rel}","templated":true}]}}