{"id":60384,"date":"2025-04-28T22:59:07","date_gmt":"2025-04-28T22:59:07","guid":{"rendered":"https:\/\/www.europesays.com\/fr\/60384\/"},"modified":"2025-04-28T22:59:07","modified_gmt":"2025-04-28T22:59:07","slug":"jecris-ceci-avec-mon-cerveau-un-beneficiaire-de-neuralink-raconte-sur-x-comment-fonctionne-son-implant","status":"publish","type":"post","link":"https:\/\/www.europesays.com\/fr\/60384\/","title":{"rendered":"\u00ab\u00a0J\u2019\u00e9cris ceci avec mon cerveau\u00a0\u00bb\u00a0: un b\u00e9n\u00e9ficiaire de Neuralink raconte sur X comment fonctionne son implant"},"content":{"rendered":"<p class=\"paragraph text_align_left\">\u00ab\u00a0Bonjour, je suis Brad Smith.\u00a0\u00bb Un homme paralys\u00e9 ayant re\u00e7u <a href=\"https:\/\/www.leparisien.fr\/high-tech\/elon-musk-annonce-que-neuralink-a-pose-son-premier-implant-cerebral-30-01-2024-SCYDBAAOWRAZ3AOA52Y5BGW6YQ.php\" target=\"_blank\" rel=\"nofollow noopener\">un implant c\u00e9r\u00e9bral<\/a> con\u00e7u par la soci\u00e9t\u00e9 d\u2019Elon Musk Neuralink a racont\u00e9 ce lundi sur X comment il pouvait d\u00e9sormais communiquer, postant un message \u00e9crit gr\u00e2ce \u00e0 ce m\u00eame implant et proposant de r\u00e9pondre aux questions des internautes.<\/p>\n<p class=\"paragraph text_align_left\">\u00ab\u00a0Je suis la 3e personne au monde \u00e0 recevoir l\u2019implant c\u00e9r\u00e9bral Neuralink\u00a0\u00bb, a \u00e9crit cet homme atteint d\u2019une scl\u00e9rose lat\u00e9rale amyotrophique (\u00e9galement appel\u00e9e <a href=\"https:\/\/www.leparisien.fr\/somme-80\/cinq-morts-depuis-2009-le-mystere-du-village-de-la-somme-aux-maladies-de-charcot-sera-t-il-perce-06-01-2025-JQWYDUBT3NA2TGM5RKSUX3RVW4.php\" target=\"_blank\" rel=\"nofollow noopener\">maladie de Charcot<\/a>) sur la plate-forme du m\u00eame Elon Musk. \u00ab\u00a0J\u2019\u00e9cris ceci avec mon cerveau. C\u2019est mon principal moyen de communication. Posez-moi toutes vos questions\u00a0!\u00a0\u00bb a-t-il ajout\u00e9 dans son message accompagn\u00e9 d\u2019une vid\u00e9o de neuf minutes dans laquelle sa voix a \u00e9t\u00e9 recr\u00e9\u00e9e gr\u00e2ce \u00e0 l\u2019intelligence artificielle.<\/p>\n<blockquote class=\"twitter-tweet\">\n<p lang=\"en\" dir=\"ltr\">I am the 3rd person in the world to receive the <a href=\"https:\/\/twitter.com\/neuralink?ref_src=twsrc%5Etfw\" rel=\"nofollow noopener\" target=\"_blank\">@Neuralink<\/a> brain implant.<\/p>\n<p>1st with ALS. 1st Nonverbal.<\/p>\n<p>I am typing this with my brain. It is my primary communication.<\/p>\n<p>Ask me anything! I will answer at least all verified users!<\/p>\n<p>Thank you <a href=\"https:\/\/twitter.com\/elonmusk?ref_src=twsrc%5Etfw\" rel=\"nofollow noopener\" target=\"_blank\">@elonmusk<\/a>! <a href=\"https:\/\/t.co\/bxYO3SBfA2\" rel=\"nofollow\">pic.twitter.com\/bxYO3SBfA2<\/a><\/p>\n<p>\u2014 Bradford G Smith (Brad) (@ALScyborg) <a href=\"https:\/\/twitter.com\/ALScyborg\/status\/1916630186382291242?ref_src=twsrc%5Etfw\" rel=\"nofollow noopener\" target=\"_blank\">April 27, 2025<\/a><\/p><\/blockquote>\n<p class=\"paragraph text_align_left\">\u00ab\u00a0J\u2019ai fait cette vid\u00e9o en utilisant l\u2019interface de l\u2019ordinateur c\u00e9r\u00e9bral pour <a href=\"https:\/\/www.leparisien.fr\/high-tech\/neuralink-elon-musk-affirme-que-le-cobaye-humain-est-capable-de-faire-bouger-une-souris-dordinateur-par-la-pensee-20-02-2024-THUDRADMP5GSJBCFUTY6IHCY74.php\" target=\"_blank\" rel=\"nofollow noopener\">contr\u00f4ler la souris de mon Mac Book pro<\/a>. C\u2019est la premi\u00e8re vid\u00e9o r\u00e9alis\u00e9e gr\u00e2ce \u00e0 Neuralink\u00a0\u00bb, affirme cet homme, Brad Smith, dans la vid\u00e9o. Il raconte qu\u2019il ne peut d\u00e9sormais bouger que ses yeux et qu\u2019il est reli\u00e9 \u00e0 un respirateur qui le maintient en vie. Brad Smith explique ensuite comment fonctionne cet implant c\u00e9r\u00e9bral \u00ab\u00a0de la taille d\u2019une pi\u00e8ce d\u2019un quart de dollar\u00a0\u00bb et reli\u00e9 \u00e0 un ordinateur via Bluetooth.<\/p>\n<p>\u00ab\u00a0Un clone de mon ancienne voix\u00a0\u00bb<\/p>\n<p class=\"paragraph text_align_left\">\u00ab\u00a0Neuralink ne lit pas mes pens\u00e9es les plus profondes, il lit juste l\u00e0 o\u00f9 je veux bouger le curseur de la souris\u00a0\u00bb, explique Brad Smith. Il raconte \u00e9galement que la soci\u00e9t\u00e9 du milliardaire proche de Donald Trump a cr\u00e9\u00e9 un outil dop\u00e9 \u00e0 l\u2019IA entra\u00een\u00e9 pour \u00e9couter les conversations des amis de Brad Smith et lui soumettre des r\u00e9ponses pour intervenir dans la discussion. \u00ab\u00a0Il utilise Grok 3 (l\u2019intelligence artificielle d\u2019Elon Musk) et un clone de mon ancienne voix pour g\u00e9n\u00e9rer des options de r\u00e9ponses\u00a0\u00bb, d\u00e9voile-t-il.<\/p>\n<p class=\"paragraph text_align_left\">Plusieurs internautes se sont pris au jeu\u00a0: \u00ab\u00a0Quelle est la plus grande surprise, \u00e0 la fois positive et n\u00e9gative, maintenant que vous avez Neuralink\u00a0?\u00a0\u00bb, demande par exemple l\u2019un d\u2019eux. \u00ab\u00a0\u00c0 quelle vitesse pouvez-vous \u00e9crire\u00a0?\u00a0\u00bb, questionne un autre. Les r\u00e9ponses de Brad n\u2019\u00e9taient pas visibles dans l\u2019imm\u00e9diat.<\/p>\n<p class=\"paragraph text_align_left\">Elon Musk s\u2019est quant \u00e0 lui f\u00e9licit\u00e9 de cette initiative. \u00ab\u00a0Parlez au premier b\u00e9n\u00e9ficiaire de Neuralink atteint de SLA\u00a0\u00bb, s\u2019est r\u00e9joui le milliardaire sud-africain en relayant le message de Brad Smith.<\/p>\n<p><script async src=\"https:\/\/platform.twitter.com\/widgets.js\" charset=\"utf-8\"><\/script><\/p>\n","protected":false},"excerpt":{"rendered":"\u00ab\u00a0Bonjour, je suis Brad Smith.\u00a0\u00bb Un homme paralys\u00e9 ayant re\u00e7u un implant c\u00e9r\u00e9bral con\u00e7u par la soci\u00e9t\u00e9 d\u2019Elon&hellip;\n","protected":false},"author":2,"featured_media":60385,"comment_status":"","ping_status":"","sticky":false,"template":"","format":"standard","meta":{"footnotes":""},"categories":[10],"tags":[1011,27,72,142,71,104],"class_list":{"0":"post-60384","1":"post","2":"type-post","3":"status-publish","4":"format-standard","5":"has-post-thumbnail","7":"category-sante","8":"tag-fr","9":"tag-france","10":"tag-health","11":"tag-high-tech","12":"tag-sante","13":"tag-societe"},"share_on_mastodon":{"url":"https:\/\/pubeurope.com\/@fr\/114418074452268331","error":""},"_links":{"self":[{"href":"https:\/\/www.europesays.com\/fr\/wp-json\/wp\/v2\/posts\/60384","targetHints":{"allow":["GET"]}}],"collection":[{"href":"https:\/\/www.europesays.com\/fr\/wp-json\/wp\/v2\/posts"}],"about":[{"href":"https:\/\/www.europesays.com\/fr\/wp-json\/wp\/v2\/types\/post"}],"author":[{"embeddable":true,"href":"https:\/\/www.europesays.com\/fr\/wp-json\/wp\/v2\/users\/2"}],"replies":[{"embeddable":true,"href":"https:\/\/www.europesays.com\/fr\/wp-json\/wp\/v2\/comments?post=60384"}],"version-history":[{"count":0,"href":"https:\/\/www.europesays.com\/fr\/wp-json\/wp\/v2\/posts\/60384\/revisions"}],"wp:featuredmedia":[{"embeddable":true,"href":"https:\/\/www.europesays.com\/fr\/wp-json\/wp\/v2\/media\/60385"}],"wp:attachment":[{"href":"https:\/\/www.europesays.com\/fr\/wp-json\/wp\/v2\/media?parent=60384"}],"wp:term":[{"taxonomy":"category","embeddable":true,"href":"https:\/\/www.europesays.com\/fr\/wp-json\/wp\/v2\/categories?post=60384"},{"taxonomy":"post_tag","embeddable":true,"href":"https:\/\/www.europesays.com\/fr\/wp-json\/wp\/v2\/tags?post=60384"}],"curies":[{"name":"wp","href":"https:\/\/api.w.org\/{rel}","templated":true}]}}