{"id":603855,"date":"2025-12-16T22:13:11","date_gmt":"2025-12-16T22:13:11","guid":{"rendered":"https:\/\/www.europesays.com\/fr\/603855\/"},"modified":"2025-12-16T22:13:11","modified_gmt":"2025-12-16T22:13:11","slug":"martigues-elimine-par-nice-en-quart-de-finale-de-coupe-de-france","status":"publish","type":"post","link":"https:\/\/www.europesays.com\/fr\/603855\/","title":{"rendered":"Martigues \u00e9limin\u00e9 par Nice en quart de finale de coupe de France"},"content":{"rendered":"<p>La logique a \u00e9t\u00e9 respect\u00e9e ce mardi soir \u00e0 <a href=\"https:\/\/www.laprovence.com\/article\/sports\/2095208541039114\/volley-ligue-b-martigues-marque-les-esprits-a-frejus\" target=\"_blank\" rel=\"noopener\">Martigues<\/a> o\u00f9 la formation locale, leader en ligue B, a \u00e9t\u00e9 battue par Nice, 7e en ligue A (1-3).<\/p>\n<p>Les Mart\u00e9gaux ont tenu deux manches face aux Aiglons. Ils ont enlev\u00e9 le premier set en 25-23 puis perdu le suivant en 22-25.<\/p>\n<p>Mais la suite a \u00e9t\u00e9 de moins bonne facture dans les deux suivants (15-25 puis 12-25) face \u00e0 une \u00e9quipe azur\u00e9enne, mont\u00e9e en r\u00e9gime au fil des minutes, d\u00e9cha\u00een\u00e9e au service et particuli\u00e8rement efficace au contre (16). Le MVB se replonge dans le championnat d\u00e8s samedi avec la venue de Saint-Jean d&rsquo;Illac.<\/p>\n","protected":false},"excerpt":{"rendered":"La logique a \u00e9t\u00e9 respect\u00e9e ce mardi soir \u00e0 Martigues o\u00f9 la formation locale, leader en ligue B,&hellip;\n","protected":false},"author":2,"featured_media":603856,"comment_status":"","ping_status":"","sticky":false,"template":"","format":"standard","meta":{"footnotes":""},"categories":[2819],"tags":[17,1111,11,15303,1777,674,2396,1011,27,12045,12,2401,5912,882,11807,25,60,1470],"class_list":{"0":"post-603855","1":"post","2":"type-post","3":"status-publish","4":"format-standard","5":"has-post-thumbnail","7":"category-nice","8":"tag-17","9":"tag-actu","10":"tag-actualites","11":"tag-elimine","12":"tag-eu","13":"tag-europe","14":"tag-finale","15":"tag-fr","16":"tag-france","17":"tag-martigues","18":"tag-news","19":"tag-nice","20":"tag-par","21":"tag-provence-alpes-cote-dazur","22":"tag-quart","23":"tag-republique-francaise","24":"tag-sports","25":"tag-volley"},"share_on_mastodon":{"url":"https:\/\/pubeurope.com\/@fr\/115731549695174821","error":""},"_links":{"self":[{"href":"https:\/\/www.europesays.com\/fr\/wp-json\/wp\/v2\/posts\/603855","targetHints":{"allow":["GET"]}}],"collection":[{"href":"https:\/\/www.europesays.com\/fr\/wp-json\/wp\/v2\/posts"}],"about":[{"href":"https:\/\/www.europesays.com\/fr\/wp-json\/wp\/v2\/types\/post"}],"author":[{"embeddable":true,"href":"https:\/\/www.europesays.com\/fr\/wp-json\/wp\/v2\/users\/2"}],"replies":[{"embeddable":true,"href":"https:\/\/www.europesays.com\/fr\/wp-json\/wp\/v2\/comments?post=603855"}],"version-history":[{"count":0,"href":"https:\/\/www.europesays.com\/fr\/wp-json\/wp\/v2\/posts\/603855\/revisions"}],"wp:featuredmedia":[{"embeddable":true,"href":"https:\/\/www.europesays.com\/fr\/wp-json\/wp\/v2\/media\/603856"}],"wp:attachment":[{"href":"https:\/\/www.europesays.com\/fr\/wp-json\/wp\/v2\/media?parent=603855"}],"wp:term":[{"taxonomy":"category","embeddable":true,"href":"https:\/\/www.europesays.com\/fr\/wp-json\/wp\/v2\/categories?post=603855"},{"taxonomy":"post_tag","embeddable":true,"href":"https:\/\/www.europesays.com\/fr\/wp-json\/wp\/v2\/tags?post=603855"}],"curies":[{"name":"wp","href":"https:\/\/api.w.org\/{rel}","templated":true}]}}