{"id":603881,"date":"2025-12-16T22:28:18","date_gmt":"2025-12-16T22:28:18","guid":{"rendered":"https:\/\/www.europesays.com\/fr\/603881\/"},"modified":"2025-12-16T22:28:18","modified_gmt":"2025-12-16T22:28:18","slug":"la-bataille-la-malediction-de-lile-tata-fredo-a-vole-vivian-pour-se-venger-la-bataille-la-malediction-de-lile","status":"publish","type":"post","link":"https:\/\/www.europesays.com\/fr\/603881\/","title":{"rendered":"La Bataille : La Mal\u00e9diction de L&rsquo;\u00eele &#8211; Tata Fredo a vol\u00e9 Vivian pour se venger &#8211; La Bataille : La Mal\u00e9diction de L&rsquo;\u00eele"},"content":{"rendered":"<p id=\"descriptionPanel\" class=\"text-secondary mr-2 line-clamp-2 pr-2.5 overflow-visible\">Lorsque Fr\u00e9d\u00e9ric d\u00e9couvre la quantit\u00e9 de nourriture que Vivian et Ma\u00efssane ont r\u00e9cup\u00e9r\u00e9e, elle devient folle de rage ! Et m\u00eame si elle sait que le vol est interdit, elle d\u00e9cide de r\u00e9cup\u00e9rer une partie de la nourriture dans leur caisse. Ce vol ne restera pas impuni et l&rsquo;\u00eele va une fois de plus sanctionner ce vol en r\u00e9duisant consid\u00e9rablement le confort de Fred et C\u00e9lia ! Extrait de La Bataille :  La Mal\u00e9diction de L&rsquo;\u00eele &#8211; Episode 27 du 16 d\u00e9cembre 2025<br \/>En savoir plus sur <a class=\"text-white hover:text-blue-500\" href=\"https:\/\/www.tf1.fr\/dossier\/melanie-secret-story-9\" target=\"_blank\" rel=\"noopener\">M\u00e9lanie Da Cruz<\/a>, <a class=\"text-white hover:text-blue-500\" href=\"https:\/\/www.tf1.fr\/dossier\/gabriel-ayuso-04623479\" target=\"_blank\" rel=\"noopener\">Gabriel Ayuso<\/a>, <a class=\"text-white hover:text-blue-500\" href=\"https:\/\/www.tf1.fr\/dossier\/maissane-aghioul-61458410\" target=\"_blank\" rel=\"noopener\">Maissane Aghioul<\/a>, <a class=\"text-white hover:text-blue-500\" href=\"https:\/\/www.tf1.fr\/dossier\/giovanni-prat-47518092\" target=\"_blank\" rel=\"noopener\">Giovanni Prat<\/a>, <a class=\"text-white hover:text-blue-500\" href=\"https:\/\/www.tf1.fr\/dossier\/amelie-neten-83340298\" target=\"_blank\" rel=\"noopener\">Am\u00e9lie Neten<\/a>, <a class=\"text-white hover:text-blue-500\" href=\"https:\/\/www.tf1.fr\/dossier\/celia-secret-story-2025-18208385\" target=\"_blank\" rel=\"noopener\">C\u00e9lia Mejjati<\/a>, <a class=\"text-white hover:text-blue-500\" href=\"https:\/\/www.tf1.fr\/dossier\/vivian-lvcb-3\" target=\"_blank\" rel=\"noopener\">Vivian Grimigni<\/a>, <a class=\"text-white hover:text-blue-500\" href=\"https:\/\/www.tf1.fr\/dossier\/constance-secret-story-2025-97345810\" target=\"_blank\" rel=\"noopener\">Constance Omar<\/a>, <a class=\"text-white hover:text-blue-500\" href=\"https:\/\/www.tf1.fr\/dossier\/frederique-brugiroux-06978016\" target=\"_blank\" rel=\"noopener\">Fr\u00e9d\u00e9rique Brugiroux<\/a>, <a class=\"text-white hover:text-blue-500\" href=\"https:\/\/www.tf1.fr\/dossier\/melanie-orlenko-98845143\" target=\"_blank\" rel=\"noopener\">M\u00e9lanie Orlenko<\/a>, <a class=\"text-white hover:text-blue-500\" href=\"https:\/\/www.tf1.fr\/dossier\/romain-spodarek-67295069\" target=\"_blank\" rel=\"noopener\">Romain Spodarek<\/a>, <a class=\"text-white hover:text-blue-500\" href=\"https:\/\/www.tf1.fr\/dossier\/lisa-marie-giocanti-18932665\" target=\"_blank\" rel=\"noopener\">Lisa-Marie Giocanti<\/a>, <a class=\"text-white hover:text-blue-500\" href=\"https:\/\/www.tf1.fr\/dossier\/cynthia-makhoul-89948165\" target=\"_blank\" rel=\"noopener\">Cynthia Makhoul<\/a> ou <a class=\"text-white hover:text-blue-500\" href=\"https:\/\/www.tf1.fr\/dossier\/gary-jarny-45589774\" target=\"_blank\" rel=\"noopener\">Gary Jarny<\/a><\/p>\n<p>Afficher la version longue du r\u00e9sum\u00e9<a class=\"shrink-0\" href=\"https:\/\/www.tf1.fr\/tfx\/la-bataille-la-malediction-de-lile\" target=\"_blank\" rel=\"noopener\"><img decoding=\"async\" src=\"https:\/\/www.europesays.com\/fr\/wp-content\/uploads\/2025\/12\/program-card-portrait-2b-c5fcf9-191fa7-0@1x.jpg\" width=\"138\" height=\"184\" alt=\"\" loading=\"eager\" fetchpriority=\"auto\" class=\"rounded-3px aspect-[3\/4] h-24 w-auto\" aria-hidden=\"true\"\/><\/a><img alt=\"Sous-Titrage T\u00e9l\u00e9texte\" loading=\"lazy\" width=\"27\" height=\"20\" decoding=\"async\" data-nimg=\"1\" style=\"color:transparent\" src=\"https:\/\/www.tf1.fr\/public\/_next\/static\/media\/sme.b8f879c0.svg\"\/>16 d\u00e9c. 2025 \u00e0 20:45<\/p>\n","protected":false},"excerpt":{"rendered":"Lorsque Fr\u00e9d\u00e9ric d\u00e9couvre la quantit\u00e9 de nourriture que Vivian et Ma\u00efssane ont r\u00e9cup\u00e9r\u00e9e, elle devient folle de rage&hellip;\n","protected":false},"author":2,"featured_media":603882,"comment_status":"","ping_status":"","sticky":false,"template":"","format":"standard","meta":{"footnotes":""},"categories":[1592],"tags":[1111,11,1777,674,3483,64995,64996,46763,1011,27,662,64102,64997,64998,64114,64118,64103,64115,64119,64111,64110,12,626,25,64116,64117,64112,64113,64108,64109],"class_list":{"0":"post-603881","1":"post","2":"type-post","3":"status-publish","4":"format-standard","5":"has-post-thumbnail","7":"category-ile-de-france","8":"tag-actu","9":"tag-actualites","10":"tag-eu","11":"tag-europe","12":"tag-extrait","13":"tag-extrait-la-bataille-la-malediction-de-lile","14":"tag-extrait-la-bataille-la-malediction-de-lile-tfx","15":"tag-extrait-tfx","16":"tag-fr","17":"tag-france","18":"tag-ile-de-france","19":"tag-la-bataille-la-malediction-de-lile","20":"tag-la-bataille-la-malediction-de-lile-extrait","21":"tag-la-bataille-la-malediction-de-lile-extrait-tfx","22":"tag-la-bataille-la-malediction-de-lile-streaming","23":"tag-la-bataille-la-malediction-de-lile-streaming-gratuit","24":"tag-la-bataille-la-malediction-de-lile-tfx","25":"tag-la-bataille-la-malediction-de-lile-tfx-streaming","26":"tag-la-bataille-la-malediction-de-lile-tfx-streaming-gratuit","27":"tag-la-bataille-la-malediction-de-lile-tfx-video","28":"tag-la-bataille-la-malediction-de-lile-video","29":"tag-news","30":"tag-paris","31":"tag-republique-francaise","32":"tag-streaming-gratuit-la-bataille-la-malediction-de-lile","33":"tag-streaming-gratuit-la-bataille-la-malediction-de-lile-tfx","34":"tag-streaming-la-bataille-la-malediction-de-lile","35":"tag-streaming-la-bataille-la-malediction-de-lile-tfx","36":"tag-video-la-bataille-la-malediction-de-lile","37":"tag-video-la-bataille-la-malediction-de-lile-tfx"},"share_on_mastodon":{"url":"","error":"Validation failed: Text character limit of 500 exceeded"},"_links":{"self":[{"href":"https:\/\/www.europesays.com\/fr\/wp-json\/wp\/v2\/posts\/603881","targetHints":{"allow":["GET"]}}],"collection":[{"href":"https:\/\/www.europesays.com\/fr\/wp-json\/wp\/v2\/posts"}],"about":[{"href":"https:\/\/www.europesays.com\/fr\/wp-json\/wp\/v2\/types\/post"}],"author":[{"embeddable":true,"href":"https:\/\/www.europesays.com\/fr\/wp-json\/wp\/v2\/users\/2"}],"replies":[{"embeddable":true,"href":"https:\/\/www.europesays.com\/fr\/wp-json\/wp\/v2\/comments?post=603881"}],"version-history":[{"count":0,"href":"https:\/\/www.europesays.com\/fr\/wp-json\/wp\/v2\/posts\/603881\/revisions"}],"wp:featuredmedia":[{"embeddable":true,"href":"https:\/\/www.europesays.com\/fr\/wp-json\/wp\/v2\/media\/603882"}],"wp:attachment":[{"href":"https:\/\/www.europesays.com\/fr\/wp-json\/wp\/v2\/media?parent=603881"}],"wp:term":[{"taxonomy":"category","embeddable":true,"href":"https:\/\/www.europesays.com\/fr\/wp-json\/wp\/v2\/categories?post=603881"},{"taxonomy":"post_tag","embeddable":true,"href":"https:\/\/www.europesays.com\/fr\/wp-json\/wp\/v2\/tags?post=603881"}],"curies":[{"name":"wp","href":"https:\/\/api.w.org\/{rel}","templated":true}]}}