{"id":603902,"date":"2025-12-16T22:39:12","date_gmt":"2025-12-16T22:39:12","guid":{"rendered":"https:\/\/www.europesays.com\/fr\/603902\/"},"modified":"2025-12-16T22:39:12","modified_gmt":"2025-12-16T22:39:12","slug":"washington-sen-prend-a-nouveau-a-la-regulation-europeenne-et-menace-de-represailles","status":"publish","type":"post","link":"https:\/\/www.europesays.com\/fr\/603902\/","title":{"rendered":"Washington s\u2019en prend \u00e0 nouveau \u00e0 la r\u00e9gulation europ\u00e9enne et menace de repr\u00e9sailles"},"content":{"rendered":"<p>\n    La Maison-Blanche fustige \u00e0 nouveau \u00abl\u2019approche discriminatoire\u00bb et le \u00abharc\u00e8lement\u00bb des pays europ\u00e9ens envers les g\u00e9ants am\u00e9ricains du num\u00e9rique.<\/p>\n<p class=\"fig-paragraph\">Nouveau coup de boutoir de Washington contre la l\u00e9gislation europ\u00e9enne. Les \u00c9tats-Unis ont menac\u00e9\u00a0<a href=\"http:\/\/www.lefigaro.fr\/actualite-france\/c-est-maintenant-ou-c-est-mort-paris-entame-un-bras-de-fer-avec-l-union-europeenne-sur-le-mercosur-20251215\" data-fig-type=\"Article\" data-gtm-custom-categorie=\"navigation\" data-gtm-custom-action=\"crossclick\" data-gtm-custom-label=\"Contextuel\" data-gtm-event=\"customEventSPE\" data-fig-domain=\"LEFIGARO\" target=\"_blank\" rel=\"noopener\">mardi l&rsquo;Union europ\u00e9enne<\/a>\u00a0(UE) et ses pays membres de repr\u00e9sailles s\u2019ils ne revenaient pas sur leur r\u00e9gulation \u00abdiscriminatoire\u00bb du secteur num\u00e9rique, qui vise selon Washington \u00e0 \u00abrestreindre, limiter et d\u00e9courager\u00bb l\u2019activit\u00e9 des entreprises am\u00e9ricaines.<\/p>\n<p class=\"fig-paragraph\">\u00abL\u2019UE et certains \u00c9tats membres ont persist\u00e9 dans leur approche discriminatoire et (leur) harc\u00e8lement avec des proc\u00e8s, imp\u00f4ts, amendes et directives visant les fournisseurs am\u00e9ricains de services\u00bb, a \u00e9crit dans un message sur X le bureau du repr\u00e9sentant de la Maison-Blanche pour le Commerce (USTR). \u00abS\u2019ils persistent\u00bb, ajoute-t-il, \u00ables \u00c9tats-Unis n\u2019auront d\u2019autre choix que d\u2019utiliser tous les outils \u00e0 disposition pour contrer ces mesures d\u00e9raisonnables\u00bb.<\/p>\n<p>                                            <a class=\"fig-a11y-skip\" href=\"#fig-a11y-skip-main-inarticle\" data-module=\"a11y-skip\" data-context=\"was @visible\"><br \/>\n    Passer la publicit\u00e9<br \/>\n<\/a>            <\/p>\n<p class=\"fig-paragraph\">De son c\u00f4t\u00e9, l\u2019UE a assur\u00e9 qu\u2019elle allait continuer \u00e0 r\u00e9guler le secteur du num\u00e9rique \u00ab\u00e9quitablement\u00bb malgr\u00e9 les menaces am\u00e9ricaines, assurant appliquer ses r\u00e8glementations \u00absans discrimination\u00bb. \u00abComme nous l\u2019avons expliqu\u00e9 \u00e0 de nombreuses reprises, nos r\u00e8gles s\u2019appliquent de mani\u00e8re \u00e9gale et \u00e9quitable \u00e0 toutes les entreprises op\u00e9rant dans l\u2019UE\u00bb, a d\u00e9clar\u00e9 Thomas Regnier, porte-parole de la Commission europ\u00e9enne. \u00abNous continuerons \u00e0 appliquer nos r\u00e8gles de fa\u00e7on \u00e9quitable et sans discrimination\u00bb.<\/p>\n<p class=\"fig-paragraph\">La Maison-Blanche n\u2019a cess\u00e9 de critiquer depuis le d\u00e9but de l\u2019ann\u00e9e les r\u00e9gulations europ\u00e9ennes sur les services num\u00e9riques et les enqu\u00eates et amendes inflig\u00e9es par la Commission europ\u00e9enne contre les abus des g\u00e9ants am\u00e9ricains du num\u00e9rique. Une position que regrette cependant Luther Lowe, un des principaux responsables de Ycombinator, un important incubateur de startups dans la Silicon Valley, qui y voit, dans un message post\u00e9 sur X, \u00abune trahison navrante vis-\u00e0-vis de la +petite tech+\u00bb de la part \u00abd\u2019une partie du gouvernement am\u00e9ricain sous la coupe\u00bb des grandes entreprises du secteur. \u00abLa directive sur le march\u00e9 europ\u00e9en du num\u00e9rique (DMA) d\u00e9bloque des parts de march\u00e9 pour les petites entreprises am\u00e9ricaines\u00bb du secteur du num\u00e9rique, a-t-il d\u00e9fendu. \u00abElle devrait \u00eatre copi\u00e9e et non attaqu\u00e9e\u00bb.<\/p>\n<p>                                            Plusieurs milliards d\u2019euros d\u2019amendes<\/p>\n<p class=\"fig-paragraph\">Dernier exemple en date d\u2019amende inflig\u00e9e par l\u2019UE, celle de 120 millions d\u2019euros impos\u00e9e d\u00e9but d\u00e9cembre au r\u00e9seau social X, propri\u00e9t\u00e9 du milliardaire Elon Musk, alli\u00e9 du pr\u00e9sident am\u00e9ricain Donald Trump. La Commission reprochait au r\u00e9seau social de ne pas respecter le r\u00e8glement europ\u00e9en sur les services num\u00e9riques (DSA), une d\u00e9cision vue comme \u00abune attaque contre toutes les plateformes technologiques am\u00e9ricaines et le peuple am\u00e9ricain\u00bb, avait fustig\u00e9 le chef de la diplomatie am\u00e9ricaine, Marco Rubio.<\/p>\n<p class=\"fig-paragraph\">Cette loi est entr\u00e9e en vigueur il y a deux ans pour lutter contre les contenus ill\u00e9gaux et dangereux en ligne, et impose des obligations renforc\u00e9es aux plus grandes plateformes actives dans l\u2019UE. Ces derni\u00e8res ann\u00e9es, l\u2019UE a impos\u00e9 plusieurs milliards d\u2019euros d\u2019amendes aux grands groupes am\u00e9ricains du num\u00e9rique, pour non-respect de la l\u00e9gislation europ\u00e9enne.<\/p>\n<p class=\"fig-paragraph\">\u00abDes entreprises europ\u00e9ennes de services ont eu la possibilit\u00e9 d\u2019op\u00e9rer librement aux \u00c9tats-Unis depuis des d\u00e9cennies, profitant de l\u2019acc\u00e8s \u00e0 notre march\u00e9 et \u00e0 nos consommateurs\u00bb, a rappel\u00e9 le bureau de l\u2019USTR dans son message, citant notamment Accenture, CapGemini, Publicis ou encore la licorne fran\u00e7aise de l\u2019intelligence artificielle (IA) Mistral. \u00abSi des mesures de repr\u00e9sailles \u00e9taient n\u00e9cessaires, la loi am\u00e9ricaine permet la mise en place de droits d\u2019entr\u00e9e ou de restrictions aux services \u00e9trangers, parmi d\u2019autres possibilit\u00e9s\u00bb, a-t-il menac\u00e9.<\/p>\n<p>                                            <a class=\"fig-a11y-skip\" href=\"#fig-a11y-skip-main-inarticle_mtf\" data-module=\"a11y-skip\" data-context=\"was @visible\"><br \/>\n    Passer la publicit\u00e9<br \/>\n<\/a>            <\/p>\n<p class=\"fig-paragraph\">Washington a appel\u00e9 \u00e0 plusieurs reprises l\u2019UE \u00e0 assouplir ses directives relatives au secteur du num\u00e9rique, mettant notamment dans la balance un abaissement possible des droits de douane impos\u00e9s \u00e0 l\u2019acier et l\u2019aluminium europ\u00e9ens. Le bureau de l\u2019USTR a \u00e9galement pr\u00e9venu les \u00abautres pays qui envisagent une strat\u00e9gie similaire \u00e0 l\u2019UE en la mati\u00e8re\u00bb d\u2019une \u00abr\u00e9ponse identique\u00bb de la part des \u00c9tats-Unis.<\/p>\n","protected":false},"excerpt":{"rendered":"La Maison-Blanche fustige \u00e0 nouveau \u00abl\u2019approche discriminatoire\u00bb et le \u00abharc\u00e8lement\u00bb des pays europ\u00e9ens envers les g\u00e9ants am\u00e9ricains du&hellip;\n","protected":false},"author":2,"featured_media":603903,"comment_status":"","ping_status":"","sticky":false,"template":"","format":"standard","meta":{"footnotes":""},"categories":[1586],"tags":[11,1777,674,1779,1011,27,4124,12,4125,25,1778,364],"class_list":{"0":"post-603902","1":"post","2":"type-post","3":"status-publish","4":"format-standard","5":"has-post-thumbnail","7":"category-europe","8":"tag-actualites","9":"tag-eu","10":"tag-europe","11":"tag-european-union","12":"tag-fr","13":"tag-france","14":"tag-gafa","15":"tag-news","16":"tag-numerique","17":"tag-republique-francaise","18":"tag-ue","19":"tag-union-europeenne"},"share_on_mastodon":{"url":"https:\/\/pubeurope.com\/@fr\/115731651936099898","error":""},"_links":{"self":[{"href":"https:\/\/www.europesays.com\/fr\/wp-json\/wp\/v2\/posts\/603902","targetHints":{"allow":["GET"]}}],"collection":[{"href":"https:\/\/www.europesays.com\/fr\/wp-json\/wp\/v2\/posts"}],"about":[{"href":"https:\/\/www.europesays.com\/fr\/wp-json\/wp\/v2\/types\/post"}],"author":[{"embeddable":true,"href":"https:\/\/www.europesays.com\/fr\/wp-json\/wp\/v2\/users\/2"}],"replies":[{"embeddable":true,"href":"https:\/\/www.europesays.com\/fr\/wp-json\/wp\/v2\/comments?post=603902"}],"version-history":[{"count":0,"href":"https:\/\/www.europesays.com\/fr\/wp-json\/wp\/v2\/posts\/603902\/revisions"}],"wp:featuredmedia":[{"embeddable":true,"href":"https:\/\/www.europesays.com\/fr\/wp-json\/wp\/v2\/media\/603903"}],"wp:attachment":[{"href":"https:\/\/www.europesays.com\/fr\/wp-json\/wp\/v2\/media?parent=603902"}],"wp:term":[{"taxonomy":"category","embeddable":true,"href":"https:\/\/www.europesays.com\/fr\/wp-json\/wp\/v2\/categories?post=603902"},{"taxonomy":"post_tag","embeddable":true,"href":"https:\/\/www.europesays.com\/fr\/wp-json\/wp\/v2\/tags?post=603902"}],"curies":[{"name":"wp","href":"https:\/\/api.w.org\/{rel}","templated":true}]}}