{"id":603905,"date":"2025-12-16T22:41:16","date_gmt":"2025-12-16T22:41:16","guid":{"rendered":"https:\/\/www.europesays.com\/fr\/603905\/"},"modified":"2025-12-16T22:41:16","modified_gmt":"2025-12-16T22:41:16","slug":"lassemblee-adopte-definitivement-le-budget-de-la-secu-et-suspend-officiellement-la-reforme-des-retraites","status":"publish","type":"post","link":"https:\/\/www.europesays.com\/fr\/603905\/","title":{"rendered":"L\u2019Assembl\u00e9e adopte d\u00e9finitivement le budget de la S\u00e9cu et suspend officiellement la r\u00e9forme des retraites"},"content":{"rendered":"<p>\n    Apr\u00e8s le rejet du S\u00e9nat, les d\u00e9put\u00e9s ont confirm\u00e9 leur vote de la semaine derni\u00e8re. Le projet de loi de financement de la S\u00e9curit\u00e9 sociale pour 2026 est d\u00e9finitivement adopt\u00e9.<\/p>\n<p class=\"fig-paragraph\">La S\u00e9curit\u00e9 sociale a officiellement\u00a0<a href=\"http:\/\/www.lefigaro.fr\/politique\/dossier\/budget-2026-notre-dossier-pour-tout-comprendre\" data-fig-type=\"Topic\" data-gtm-custom-categorie=\"navigation\" data-gtm-custom-action=\"crossclick\" data-gtm-custom-label=\"Contextuel\" data-gtm-event=\"customEventSPE\" data-fig-domain=\"LEFIGARO\" target=\"_blank\" rel=\"noopener\">un budget<\/a>. Ce mardi, en fin d\u2019apr\u00e8s-midi, l\u2019Assembl\u00e9e nationale a d\u00e9finitivement adopt\u00e9, en derni\u00e8re lecture, le projet de loi de financement de la S\u00e9cu (PLFSS), \u00e0 247 voix pour et 232 contre. Une validation qui intervient apr\u00e8s un long processus parlementaire qui aura vu les deux chambres modifier plusieurs fois le texte, avant que les d\u00e9put\u00e9s n\u2019aient donc finalement le dernier mot. Comme<a href=\"http:\/\/www.lefigaro.fr\/politique\/le-budget-de-la-securite-sociale-adopte-d-une-courte-majorite-a-l-assemblee-nationale-le-recit-d-une-journee-a-suspense-20251209\" data-fig-type=\"NewsFlash\" data-gtm-custom-categorie=\"navigation\" data-gtm-custom-action=\"crossclick\" data-gtm-custom-label=\"Contextuel\" data-gtm-event=\"customEventSPE\" data-fig-domain=\"LEFIGARO\" target=\"_blank\" rel=\"noopener\">\u00a0la semaine derni\u00e8re en seconde lecture<\/a>, l\u2019unanimit\u00e9 des troupes macronistes et bayrouistes a vot\u00e9 en faveur du texte, comme une large majorit\u00e9 des socialistes. Les d\u00e9put\u00e9s LR et Horizons se sont majoritairement divis\u00e9s entre votes favorables et abstentions pendant que les \u00e9cologistes se sont aussi abstenus en grande partie. Les \u00e9lus RN, ciottistes, et Insoumis, eux, ont tous vot\u00e9 contre.<\/p>\n<p class=\"fig-paragraph\">Le texte, critiqu\u00e9 par tous les groupes, est le fruit d\u2019\u00e2pres n\u00e9gociations entre le gouvernement et le Parti socialiste. Mais aussi, de plusieurs compromis trouv\u00e9s entre d\u00e9put\u00e9s de\u2026<\/p>\n<p class=\"fig-premium-paywall__infos\">\n        Cet article est r\u00e9serv\u00e9 aux abonn\u00e9s.        Il vous reste 84% \u00e0 d\u00e9couvrir.\n    <\/p>\n<p>                <img  data- alt=\"Le Figaro\" class=\"fig-img--complete fig-img\"\/><\/p>\n<p class=\"fig-premium-paywall__title\">Vente Flash<\/p>\n<p class=\"fig-premium-paywall__subtitle\">-50% sur l&rsquo;abonnement num\u00e9rique<\/p>\n<p class=\"fig-premium-paywall__connect\">\n                D\u00e9j\u00e0 abonn\u00e9\u00a0?                <a class=\"fig-premium-paywall__connect-link\" href=\"https:\/\/connect.lefigaro.fr\/login?client=horizon_web&amp;type=main&amp;redirect_uri=https%3A%2F%2Fwww.lefigaro.fr%2Fpolitique%2Fle-budget-de-la-secu-adopte-definitivement-a-l-assemblee-la-reforme-des-retraites-officiellement-suspendue-20251216\" data-js-gtm=\"{&quot;customCategorie&quot;: &quot;conversion&quot;, &quot;customAction&quot;: &quot;before_Landing_Connexion_paywall_auto&quot;, &quot;customLabel&quot;: &quot;bGVmaWdhcm8uZnJfXzFmMGRhNWNhLTRhODMtNjE4YS04M2I4LTJmOTY4NTJkNWE2NV9fTmV3c0ZsYXNo_L\u2019Assembl\u00e9e adopte d\u00e9finitivement le budget de la S\u00e9cu et suspend officiellement la r\u00e9forme des retraites_180&quot;, &quot;customIDSPE&quot;: &quot;bGVmaWdhcm8uZnJfXzFmMGRhNWNhLTRhODMtNjE4YS04M2I4LTJmOTY4NTJkNWE2NV9fTmV3c0ZsYXNo&quot;, &quot;event&quot;: &quot;customEventSPE&quot;}\" target=\"_blank\" rel=\"noopener\"><br \/>\n                    Connectez-vous<br \/>\n                <\/a>\n            <\/p>\n","protected":false},"excerpt":{"rendered":"Apr\u00e8s le rejet du S\u00e9nat, les d\u00e9put\u00e9s ont confirm\u00e9 leur vote de la semaine derni\u00e8re. Le projet de&hellip;\n","protected":false},"author":2,"featured_media":603906,"comment_status":"","ping_status":"","sticky":false,"template":"","format":"standard","meta":{"footnotes":""},"categories":[2],"tags":[11,416,1011,27,12,25,11067,731],"class_list":{"0":"post-603905","1":"post","2":"type-post","3":"status-publish","4":"format-standard","5":"has-post-thumbnail","7":"category-actualites","8":"tag-actualites","9":"tag-assemblee-nationale","10":"tag-fr","11":"tag-france","12":"tag-news","13":"tag-republique-francaise","14":"tag-sebastien-lecornu","15":"tag-securite-sociale"},"share_on_mastodon":{"url":"https:\/\/pubeurope.com\/@fr\/115731659791898582","error":""},"_links":{"self":[{"href":"https:\/\/www.europesays.com\/fr\/wp-json\/wp\/v2\/posts\/603905","targetHints":{"allow":["GET"]}}],"collection":[{"href":"https:\/\/www.europesays.com\/fr\/wp-json\/wp\/v2\/posts"}],"about":[{"href":"https:\/\/www.europesays.com\/fr\/wp-json\/wp\/v2\/types\/post"}],"author":[{"embeddable":true,"href":"https:\/\/www.europesays.com\/fr\/wp-json\/wp\/v2\/users\/2"}],"replies":[{"embeddable":true,"href":"https:\/\/www.europesays.com\/fr\/wp-json\/wp\/v2\/comments?post=603905"}],"version-history":[{"count":0,"href":"https:\/\/www.europesays.com\/fr\/wp-json\/wp\/v2\/posts\/603905\/revisions"}],"wp:featuredmedia":[{"embeddable":true,"href":"https:\/\/www.europesays.com\/fr\/wp-json\/wp\/v2\/media\/603906"}],"wp:attachment":[{"href":"https:\/\/www.europesays.com\/fr\/wp-json\/wp\/v2\/media?parent=603905"}],"wp:term":[{"taxonomy":"category","embeddable":true,"href":"https:\/\/www.europesays.com\/fr\/wp-json\/wp\/v2\/categories?post=603905"},{"taxonomy":"post_tag","embeddable":true,"href":"https:\/\/www.europesays.com\/fr\/wp-json\/wp\/v2\/tags?post=603905"}],"curies":[{"name":"wp","href":"https:\/\/api.w.org\/{rel}","templated":true}]}}