{"id":603919,"date":"2025-12-16T22:52:14","date_gmt":"2025-12-16T22:52:14","guid":{"rendered":"https:\/\/www.europesays.com\/fr\/603919\/"},"modified":"2025-12-16T22:52:14","modified_gmt":"2025-12-16T22:52:14","slug":"il-avait-des-problemes-dalcool-matthieu-delormeau-se-confie-sur-sa-relation-intime-cachee-avec-un-acteur","status":"publish","type":"post","link":"https:\/\/www.europesays.com\/fr\/603919\/","title":{"rendered":"\u00ab\u00a0Il avait des probl\u00e8mes d&rsquo;alcool\u00a0\u00bb : Matthieu Delormeau se confie sur sa relation intime cach\u00e9e avec un acteur"},"content":{"rendered":"<p>Dans Tout beau tout neuf ce mardi 16 d\u00e9cembre, Matthieu Delormeau a fait des r\u00e9v\u00e9lations sur ses pr\u00e9c\u00e9dentes relations intimes. Il en a profit\u00e9 pour r\u00e9v\u00e9ler avoir v\u00e9cu une histoire avec un acteur anglais qui n&rsquo;a jamais assum\u00e9 son homosexualit\u00e9.<\/p>\n<p>Apr\u00e8s s&rsquo;\u00eatre \u00e9loign\u00e9 de Touche pas \u00e0 mon poste sur C8 et des chroniqueurs, Matthieu Delormeau a fait son retour dans la bande de <a href=\"https:\/\/www.programme-tv.net\/biographie\/25805-hanouna-cyril\/\" data-link-people=\"5dcd4d55-b4fe-4234-abc6-b74b4abdaf5c\" rel=\"nofollow noopener\" target=\"_blank\">Cyril Hanouna<\/a>. En septembre, <a href=\"https:\/\/www.programme-tv.net\/news\/tv\/372585-on-pense-fort-a-lui-nrj12-rend-hommage-a-matthieu-delormeau-absent-pour-la-derniere-de-la-chaine\/\" data-api-deeplink=\"teleloisirs:\/\/news\/372585\" rel=\"nofollow noopener\" target=\"_blank\">l&rsquo;ancien animateur de NRJ12<\/a> s&rsquo;est confi\u00e9 sur le plateau de <a href=\"https:\/\/www.programme-tv.net\/news\/tv\/392408-tout-beau-tout-neuf-pourquoi-isabelle-morini-bosc-est-elle-absente-cette-semaine\/\" data-api-deeplink=\"teleloisirs:\/\/news\/392408\" rel=\"nofollow noopener\" target=\"_blank\">Tout beau, tout neuf<\/a> sur les difficult\u00e9s qu&rsquo;il a rencontr\u00e9es ces derniers mois avec la drogue et aussi avec la justice. D\u00e9sireux de reprendre sa vie en main, l&rsquo;animateur lui a propos\u00e9 de redevenir chroniqueur. Depuis, il vient r\u00e9guli\u00e8rement commenter l&rsquo;actualit\u00e9 sur W9, m\u00eame si la semaine derni\u00e8re, son absence a inqui\u00e9t\u00e9. En effet,<a href=\"https:\/\/www.programme-tv.net\/news\/tv\/393717-il-a-eu-un-petit-accident-matthieu-delormeau-absent-de-tout-beau-tout-neuf-cyril-hanouna-donne-de-ses-nouvelles\/\" data-api-deeplink=\"teleloisirs:\/\/news\/393717\" rel=\"nofollow noopener\" target=\"_blank\"> touch\u00e9 par un probl\u00e8me de sant\u00e9, il n&rsquo;avait pas pu \u00eatre pr\u00e9sent.<\/a> Le visage ab\u00eem\u00e9, il s&rsquo;est livr\u00e9 sur ce qu&rsquo;il lui est arriv\u00e9 lors de son retour le lundi 15 d\u00e9cembre. \u00ab\u00a0Dimanche apr\u00e8s-midi, je pars de chez moi, je descends les escaliers en courant. Au dernier \u00e9tage, je pense que je marche sur mon lacet et je d\u00e9vale tout\u00a0\u00bb, a-t-il racont\u00e9 <a href=\"https:\/\/www.programme-tv.net\/news\/tv\/394211-je-me-suis-vraiment-fait-peur-matthieu-delormeau-de-retour-dans-tout-beau-tout-neuf-il-raconte-son-accident\/\" data-api-deeplink=\"teleloisirs:\/\/news\/394211\" rel=\"nofollow noopener\" target=\"_blank\">avant d&rsquo;en dire davantage<\/a>.<\/p>\n<p>Dans Tout beau tout neuf ce mardi 16 d\u00e9cembre, Matthieu Delormeau n&rsquo;a pas \u00e9voqu\u00e9 ses soucis de sant\u00e9, mais a fait des confidences sur certaines de ses relations amoureuses. Il a ainsi d\u00e9voil\u00e9 avoir v\u00e9cu une idylle avec \u00ab\u00a0un acteur britannique extr\u00eamement connu\u00a0\u00bb. Apr\u00e8s une rencontre \u00e0 l&rsquo;h\u00f4tel Coste \u00e0 Paris, le garde du corps de la star anglaise a pris son num\u00e9ro \u00ab\u00a0pour aller dans sa suite\u00a0\u00bb : \u00ab\u00a0On s&rsquo;est tr\u00e8s bien entendu mais il ne voulait vraiment pas dire qu&rsquo;il \u00e9tait gay\u00a0\u00bb. Par cons\u00e9quent, \u00ab\u00a0pendant trois week-ends\u00a0\u00bb, il a fait des allers-retours entre la France et l&rsquo;Angleterre afin de passer discr\u00e8tement du temps avec lui : \u00ab\u00a0Une Mercedes venait me chercher, j&rsquo;allais dans un a\u00e9roport et il y avait un jet qui m&rsquo;attendait. J&rsquo;\u00e9tais tout seul dedans. J&rsquo;arrivais \u00e0 Londres, une voiture venait me chercher et on allait chez lui. Il avait une maison gigantesque et on restait que dans la maison\u00a0\u00bb. L&rsquo;acteur en question n&rsquo;a jamais fait son coming-out et malheureusement, l&rsquo;histoire a pris fin. \u00ab\u00a0Il \u00e9tait un petit peu jaloux, il se demandait ce que je faisais \u00e0 Paris\u00a0\u00bb, raconte-t-il avant d&rsquo;\u00e9voquer leurs probl\u00e8mes, \u00ab\u00a0Il avait des probl\u00e8mes un peu d&rsquo;alcool et il devenait assez violent\u00a0\u00bb.<\/p>\n<p>            En plus d&rsquo;un acteur britannique, Matthieu Delormeau a fr\u00e9quent\u00e9 deux acteurs fran\u00e7ais<\/p>\n<p>De retour en France, Matthieu Delormeau a aussi eu des histoires avec deux animateurs t\u00e9l\u00e9. \u00c0 nouveau, il ne souhaite pas d\u00e9voiler l&rsquo;identit\u00e9 de ces personnes. \u00ab\u00a0Il y a eu une histoire, et l&rsquo;autre, c&rsquo;\u00e9tait un plan r\u00e9gulier\u00a0\u00bb, r\u00e9v\u00e8le-t-il sur la Neuf, \u00ab\u00a0On se voyait quasiment toutes les semaines pour s&rsquo;amuser\u00a0\u00bb. S&rsquo;il confie que ces personnes sont \u00ab\u00a0extr\u00eamement connues\u00a0\u00bb et que \u00ab\u00a0tout le monde les conna\u00eet\u00a0\u00bb, il insiste sur le fait qu&rsquo;il ne dira \u00ab\u00a0jamais\u00a0\u00bb leurs noms. Le myst\u00e8re reste donc entier.<\/p>\n","protected":false},"excerpt":{"rendered":"Dans Tout beau tout neuf ce mardi 16 d\u00e9cembre, Matthieu Delormeau a fait des r\u00e9v\u00e9lations sur ses pr\u00e9c\u00e9dentes&hellip;\n","protected":false},"author":2,"featured_media":603920,"comment_status":"","ping_status":"","sticky":false,"template":"","format":"standard","meta":{"footnotes":""},"categories":[1359],"tags":[244,58,59,1011,27,7830,973,22497,49534,2395,1630],"class_list":{"0":"post-603919","1":"post","2":"type-post","3":"status-publish","4":"format-standard","5":"has-post-thumbnail","7":"category-people","8":"tag-commentaire","9":"tag-divertissement","10":"tag-entertainment","11":"tag-fr","12":"tag-france","13":"tag-matthieu-delormeau","14":"tag-people","15":"tag-tout-beau","16":"tag-tout-n9uf","17":"tag-w9","18":"tag-zapping"},"share_on_mastodon":{"url":"https:\/\/pubeurope.com\/@fr\/115731703130670059","error":""},"_links":{"self":[{"href":"https:\/\/www.europesays.com\/fr\/wp-json\/wp\/v2\/posts\/603919","targetHints":{"allow":["GET"]}}],"collection":[{"href":"https:\/\/www.europesays.com\/fr\/wp-json\/wp\/v2\/posts"}],"about":[{"href":"https:\/\/www.europesays.com\/fr\/wp-json\/wp\/v2\/types\/post"}],"author":[{"embeddable":true,"href":"https:\/\/www.europesays.com\/fr\/wp-json\/wp\/v2\/users\/2"}],"replies":[{"embeddable":true,"href":"https:\/\/www.europesays.com\/fr\/wp-json\/wp\/v2\/comments?post=603919"}],"version-history":[{"count":0,"href":"https:\/\/www.europesays.com\/fr\/wp-json\/wp\/v2\/posts\/603919\/revisions"}],"wp:featuredmedia":[{"embeddable":true,"href":"https:\/\/www.europesays.com\/fr\/wp-json\/wp\/v2\/media\/603920"}],"wp:attachment":[{"href":"https:\/\/www.europesays.com\/fr\/wp-json\/wp\/v2\/media?parent=603919"}],"wp:term":[{"taxonomy":"category","embeddable":true,"href":"https:\/\/www.europesays.com\/fr\/wp-json\/wp\/v2\/categories?post=603919"},{"taxonomy":"post_tag","embeddable":true,"href":"https:\/\/www.europesays.com\/fr\/wp-json\/wp\/v2\/tags?post=603919"}],"curies":[{"name":"wp","href":"https:\/\/api.w.org\/{rel}","templated":true}]}}