{"id":603934,"date":"2025-12-16T23:01:14","date_gmt":"2025-12-16T23:01:14","guid":{"rendered":"https:\/\/www.europesays.com\/fr\/603934\/"},"modified":"2025-12-16T23:01:14","modified_gmt":"2025-12-16T23:01:14","slug":"et-si-la-mysterieuse-etoile-de-bethleem-etait-une-comete-au-comportement-etrange","status":"publish","type":"post","link":"https:\/\/www.europesays.com\/fr\/603934\/","title":{"rendered":"Et si la myst\u00e9rieuse \u00ab\u00e9toile de Bethl\u00e9em\u00bb \u00e9tait une com\u00e8te au comportement \u00e9trange\u00a0?"},"content":{"rendered":"<p>\n    <strong>D\u00c9CRYPTAGE <\/strong>&#8211; Un astronome de la Nasa a mod\u00e9lis\u00e9 la trajectoire d\u2019un astre qui aurait pu para\u00eetre s\u2019arr\u00eater dans le ciel, tout en correspondant aux observations faites par des astronomes chinois \u00e0 l\u2019\u00e9poque de la naissance du Christ.<\/p>\n<p class=\"fig-paragraph\">C\u2019est de saison. Chaque ann\u00e9e autour No\u00ebl, les articles sur l\u2019authenticit\u00e9 astronomique de \u00abl\u2019\u00e9toile de Bethl\u00e9em\u00bb fleurissent sur Internet. Cette ann\u00e9e, l\u2019exercice se trouve l\u00e9g\u00e8rement renouvel\u00e9 par le travail d\u2019un amateur \u00e9clair\u00e9 qui\u00a0<a href=\"https:\/\/britastro.org\/journal_contents_ite\/the-star-that-stopped-the-star-of-bethlehem-the-comet-of-5-bce\" target=\"_blank\" rel=\"sponsored noopener\" data-gtm-custom-categorie=\"navigation\" data-gtm-custom-action=\"crossclick\" data-gtm-custom-label=\"Contextuel\" data-gtm-event=\"customEventSPE\">publie dans la revue Journal of the British Astronomical Association<\/a> \u00a0le fruit de ses r\u00e9flexions et de ses mod\u00e9lisations. Si Mark Matney n\u2019est pas un arch\u00e9o-astronome professionnel, c\u2019est en revanche un scientifique respectable, plan\u00e9tologue \u00e0 la Nasa et sp\u00e9cialiste de la mod\u00e9lisation des d\u00e9bris spatiaux.<\/p>\n<p class=\"fig-paragraph\">Que sait-on de l\u2019\u00e9toile de Bethl\u00e9em\u00a0? Cet astre n\u2019est \u00e9voqu\u00e9 que dans un seul \u00e9vangile canonique, celui de Matthieu. Des mages venus d\u2019Orient arrivent \u00e0 J\u00e9rusalem et demandent \u00abo\u00f9 est le roi des Juifs qui vient de na\u00eetre, car nous avons vu son \u00e9toile en Orient et nous sommes venus pour l\u2019adorer.\u00bb Le roi H\u00e9rode \u00abfit appeler en secret les mages et s\u2019enquit soigneusement aupr\u00e8s d\u2019eux depuis combien de temps l\u2019\u00e9toile brillait\u00bb. Il les envoie alors vers Bethl\u00e9em\u2026<\/p>\n<p class=\"fig-premium-paywall__infos\">\n        Cet article est r\u00e9serv\u00e9 aux abonn\u00e9s.        Il vous reste 86% \u00e0 d\u00e9couvrir.\n    <\/p>\n<p>                <img  data- alt=\"Le Figaro\" class=\"fig-img--complete fig-img\"\/><\/p>\n<p class=\"fig-premium-paywall__title\">Vente Flash<\/p>\n<p class=\"fig-premium-paywall__subtitle\">-50% sur l&rsquo;abonnement num\u00e9rique<\/p>\n<p class=\"fig-premium-paywall__connect\">\n                D\u00e9j\u00e0 abonn\u00e9\u00a0?                <a class=\"fig-premium-paywall__connect-link\" href=\"https:\/\/connect.lefigaro.fr\/login?client=horizon_web&amp;type=main&amp;redirect_uri=https%3A%2F%2Fwww.lefigaro.fr%2Fsciences%2Fet-si-la-mysterieuse-etoile-de-bethleem-etait-une-comete-au-comportement-etrange-20251216\" data-js-gtm=\"{&quot;customCategorie&quot;: &quot;conversion&quot;, &quot;customAction&quot;: &quot;before_Landing_Connexion_paywall_auto&quot;, &quot;customLabel&quot;: &quot;bGVmaWdhcm8uZnJfXzFmMGRhNjFiLWJhYzEtNjU0YS05NjdiLWEzY2FhNGQ1NDNmMl9fQXJ0aWNsZQ==_Et si la myst\u00e9rieuse \u00ab\u00e9toile de Bethl\u00e9em\u00bb \u00e9tait une com\u00e8te au comportement \u00e9trange\u00a0?_459&quot;, &quot;customIDSPE&quot;: &quot;bGVmaWdhcm8uZnJfXzFmMGRhNjFiLWJhYzEtNjU0YS05NjdiLWEzY2FhNGQ1NDNmMl9fQXJ0aWNsZQ==&quot;, &quot;event&quot;: &quot;customEventSPE&quot;}\" target=\"_blank\" rel=\"noopener\"><br \/>\n                    Connectez-vous<br \/>\n                <\/a>\n            <\/p>\n","protected":false},"excerpt":{"rendered":"D\u00c9CRYPTAGE &#8211; Un astronome de la Nasa a mod\u00e9lis\u00e9 la trajectoire d\u2019un astre qui aurait pu para\u00eetre s\u2019arr\u00eater&hellip;\n","protected":false},"author":2,"featured_media":603935,"comment_status":"","ping_status":"","sticky":false,"template":"","format":"standard","meta":{"footnotes":""},"categories":[7],"tags":[48,67347,1011,27,15830,43,40,41,39,42,44],"class_list":{"0":"post-603934","1":"post","2":"type-post","3":"status-publish","4":"format-standard","5":"has-post-thumbnail","7":"category-sciences-et-technologies","8":"tag-astronomie","9":"tag-bethleem","10":"tag-fr","11":"tag-france","12":"tag-noel","13":"tag-science","14":"tag-science-and-technology","15":"tag-sciences","16":"tag-sciences-et-technologies","17":"tag-technologies","18":"tag-technology"},"share_on_mastodon":{"url":"https:\/\/pubeurope.com\/@fr\/115731738401930661","error":""},"_links":{"self":[{"href":"https:\/\/www.europesays.com\/fr\/wp-json\/wp\/v2\/posts\/603934","targetHints":{"allow":["GET"]}}],"collection":[{"href":"https:\/\/www.europesays.com\/fr\/wp-json\/wp\/v2\/posts"}],"about":[{"href":"https:\/\/www.europesays.com\/fr\/wp-json\/wp\/v2\/types\/post"}],"author":[{"embeddable":true,"href":"https:\/\/www.europesays.com\/fr\/wp-json\/wp\/v2\/users\/2"}],"replies":[{"embeddable":true,"href":"https:\/\/www.europesays.com\/fr\/wp-json\/wp\/v2\/comments?post=603934"}],"version-history":[{"count":0,"href":"https:\/\/www.europesays.com\/fr\/wp-json\/wp\/v2\/posts\/603934\/revisions"}],"wp:featuredmedia":[{"embeddable":true,"href":"https:\/\/www.europesays.com\/fr\/wp-json\/wp\/v2\/media\/603935"}],"wp:attachment":[{"href":"https:\/\/www.europesays.com\/fr\/wp-json\/wp\/v2\/media?parent=603934"}],"wp:term":[{"taxonomy":"category","embeddable":true,"href":"https:\/\/www.europesays.com\/fr\/wp-json\/wp\/v2\/categories?post=603934"},{"taxonomy":"post_tag","embeddable":true,"href":"https:\/\/www.europesays.com\/fr\/wp-json\/wp\/v2\/tags?post=603934"}],"curies":[{"name":"wp","href":"https:\/\/api.w.org\/{rel}","templated":true}]}}