{"id":603939,"date":"2025-12-16T23:04:14","date_gmt":"2025-12-16T23:04:14","guid":{"rendered":"https:\/\/www.europesays.com\/fr\/603939\/"},"modified":"2025-12-16T23:04:14","modified_gmt":"2025-12-16T23:04:14","slug":"marine-le-pen-definitivement-condamnee-pour-diffamation-envers-la-cimade-liberation","status":"publish","type":"post","link":"https:\/\/www.europesays.com\/fr\/603939\/","title":{"rendered":"Marine Le\u00a0Pen d\u00e9finitivement condamn\u00e9e pour diffamation envers la Cimade \u2013 Lib\u00e9ration"},"content":{"rendered":"<p class=\"sc-cPiKLX AiZTS text-element\">C\u2019\u00e9tait son dernier recours dans ce dossier. La Cour de cassation a rendu d\u00e9finitive mardi la condamnation de Marine Le Pen pour <a href=\"https:\/\/www.liberation.fr\/politique\/marine-le-pen-de-nouveau-condamnee-en-appel-pour-diffamation-20240911_VRURMT7JKNDUNHZ55KMNDI62DY\/?redirected=1\" target=\"_blank\" rel=\"noreferrer noopener\" title=\"https:\/\/www.liberation.fr\/politique\/marine-le-pen-de-nouveau-condamnee-en-appel-pour-diffamation-20240911_VRURMT7JKNDUNHZ55KMNDI62DY\/?redirected=1\">diffamation envers la Cimade<\/a>, une association d\u2019aide aux migrants, qu\u2019elle avait accus\u00e9e d\u2019organiser \u00abla fili\u00e8re d\u2019immigration clandestine en provenance des Comores\u00bb \u00e0 Mayotte. Dans un arr\u00eat, la plus haute instance judiciaire fran\u00e7aise a rejet\u00e9 le pourvoi de la cheffe de file de l\u2019extr\u00eame droite contre sa condamnation \u00e0 500 euros d\u2019amende avec sursis par la cour d\u2019appel de Paris le 11 septembre 2024.<\/p>\n<p class=\"sc-cPiKLX AiZTS text-element\">\u00abLes propos de Mme Le Pen qui assimilaient l\u2019action de la <a href=\"https:\/\/www.liberation.fr\/france\/2017\/11\/17\/sans-papiers-la-cimade-denonce-une-utilisation-abusive-de-la-retention_1610568\/\" target=\"_blank\" rel=\"noreferrer noopener\" title=\"https:\/\/www.liberation.fr\/france\/2017\/11\/17\/sans-papiers-la-cimade-denonce-une-utilisation-abusive-de-la-retention_1610568\/\">Cimade <\/a>\u00e0 celle des passeurs de migrants \u00e9taient inacceptables\u00bb, a r\u00e9agi aupr\u00e8s de l\u2019AFP <a href=\"https:\/\/www.liberation.fr\/debats\/2020\/11\/17\/sacrifier-nos-libertes-afin-de-lutter-contre-le-terrorisme-l-idee-est-alimentee-par-les-politiques-e_1805861\/\" target=\"_blank\" rel=\"noreferrer noopener\" title=\"https:\/\/www.liberation.fr\/debats\/2020\/11\/17\/sacrifier-nos-libertes-afin-de-lutter-contre-le-terrorisme-l-idee-est-alimentee-par-les-politiques-e_1805861\/\">Me Patrice Spinosi<\/a>, avocat de l\u2019association. \u00abLa Cour de cassation juge que les limites de la libert\u00e9 d\u2019expression ont \u00e9t\u00e9 d\u00e9pass\u00e9es. Etre une personnalit\u00e9 politique n\u2019excuse pas tous les d\u00e9bordements\u00bb.<\/p>\n<p class=\"sc-cPiKLX AiZTS text-element\">Les propos incrimin\u00e9s ont \u00e9t\u00e9 prof\u00e9r\u00e9s lors d\u2019un entretien, diffus\u00e9 sur BFM TV en janvier 2022. A la question \u00abest-ce que les associations humanitaires sont complices du d\u00e9lit d\u2019entr\u00e9e ?\u00bb, Marine Le Pen, alors candidate \u00e0 l\u2019\u00e9lection pr\u00e9sidentielle, avait r\u00e9pondu : \u00abParfois oui. Ils sont m\u00eame complices des passeurs, oui, parfois.\u00bb Elle avait ensuite vis\u00e9 directement la Cimade, association engag\u00e9e contre la x\u00e9nophobie et l\u2019exclusion des personnes immigr\u00e9es, pour ses actions \u00e0 Mayotte. La Cimade \u00aborganise la fili\u00e8re d\u2019immigration clandestine en provenance des Comores\u00bb \u00e0 Mayotte, avait-elle d\u00e9clar\u00e9.<\/p>\n<p class=\"sc-cPiKLX AiZTS text-element\">Pourtant, \u00e0 Mayotte, les activit\u00e9s de la Cimade \u00e9taient l\u2019accompagnement individuel et la r\u00e9ception des personnes dans des permanences pour leur permettre d\u2019acc\u00e9der \u00e0 leurs droits. Le but est \u00abd\u2019informer les personnes\u00bb sur leurs droits et \u00e9tudier les situations administratives pour voir si elles \u00abouvrent un droit au s\u00e9jour ou a la nationalit\u00e9\u00bb, explique Vittoria Logrippo, d\u00e9l\u00e9gu\u00e9e r\u00e9gionale oc\u00e9an Indien pour la Cimade. \u00abOn condamne cette strat\u00e9gie op\u00e9r\u00e9e notamment par l\u2019extr\u00eame droite qui consiste \u00e0 d\u00e9sinformer et \u00e0 utiliser le mensonge pour d\u00e9cr\u00e9dibiliser les actions du personnel associatif\u00bb, poursuit-elle. Les membres de la Cimade ne se disent pas soulag\u00e9s, mais du moins \u00absatisfaits que le droit soit r\u00e9affirm\u00e9, et qu\u2019une des plus hautes juridictions fran\u00e7aises r\u00e9affirme l\u2019enjeu de s\u2019en tenir aux faits\u00bb, conclut Vittoria Logrippo.<\/p>\n<p class=\"sc-cPiKLX AiZTS text-element\">Les propos de l\u2019ex-pr\u00e9sidente du Rassemblement national s\u2019inscrivaient dans un contexte tendu en 2022. <a href=\"https:\/\/www.liberation.fr\/idees-et-debats\/tribunes\/a-mayotte-comme-partout-defendons-letat-de-droit-et-la-solidarite-20220225_ZMXXKLO66BFGTGMW64BIAF3XAI\/\" target=\"_blank\" rel=\"noreferrer noopener\" title=\"https:\/\/www.liberation.fr\/idees-et-debats\/tribunes\/a-mayotte-comme-partout-defendons-letat-de-droit-et-la-solidarite-20220225_ZMXXKLO66BFGTGMW64BIAF3XAI\/\">Dans une tribune pour Lib\u00e9ration<\/a>, l\u2019ex-pr\u00e9sident de l\u2019association, Henry Masson, et d\u2019autres personnalit\u00e9s du monde associatif humanitaire regrettaient en 2022 d\u2019\u00eatre \u00abemp\u00each\u00e9s de mener \u00e0 bien leurs activit\u00e9s, insult\u00e9s et somm\u00e9s de \u201cquitter Mayotte\u201d par un groupe de manifestants qui bloqu[ai]t ill\u00e9galement l\u2019acc\u00e8s au local de l\u2019association\u00bb.<\/p>\n<p class=\"sc-cPiKLX AiZTS text-element\">Actuellement in\u00e9ligible du fait de sa condamnation en premi\u00e8re instance dans l\u2019affaire des assistants parlementaires europ\u00e9ens du FN, Marine Le Pen sera jug\u00e9e en appel du 13 janvier au 12 f\u00e9vrier dans ce dossier, une \u00e9ch\u00e9ance judiciaire et politique cruciale avant la pr\u00e9sidentielle de 2027.<\/p>\n","protected":false},"excerpt":{"rendered":"C\u2019\u00e9tait son dernier recours dans ce dossier. La Cour de cassation a rendu d\u00e9finitive mardi la condamnation de&hellip;\n","protected":false},"author":2,"featured_media":603940,"comment_status":"","ping_status":"","sticky":false,"template":"","format":"standard","meta":{"footnotes":""},"categories":[4],"tags":[11,1076,1011,27,1061,430,8245,12,25],"class_list":{"0":"post-603939","1":"post","2":"type-post","3":"status-publish","4":"format-standard","5":"has-post-thumbnail","7":"category-france","8":"tag-actualites","9":"tag-extreme-droite","10":"tag-fr","11":"tag-france","12":"tag-immigration","13":"tag-marine-le-pen","14":"tag-mayotte","15":"tag-news","16":"tag-republique-francaise"},"share_on_mastodon":{"url":"https:\/\/pubeurope.com\/@fr\/115731750195703223","error":""},"_links":{"self":[{"href":"https:\/\/www.europesays.com\/fr\/wp-json\/wp\/v2\/posts\/603939","targetHints":{"allow":["GET"]}}],"collection":[{"href":"https:\/\/www.europesays.com\/fr\/wp-json\/wp\/v2\/posts"}],"about":[{"href":"https:\/\/www.europesays.com\/fr\/wp-json\/wp\/v2\/types\/post"}],"author":[{"embeddable":true,"href":"https:\/\/www.europesays.com\/fr\/wp-json\/wp\/v2\/users\/2"}],"replies":[{"embeddable":true,"href":"https:\/\/www.europesays.com\/fr\/wp-json\/wp\/v2\/comments?post=603939"}],"version-history":[{"count":0,"href":"https:\/\/www.europesays.com\/fr\/wp-json\/wp\/v2\/posts\/603939\/revisions"}],"wp:featuredmedia":[{"embeddable":true,"href":"https:\/\/www.europesays.com\/fr\/wp-json\/wp\/v2\/media\/603940"}],"wp:attachment":[{"href":"https:\/\/www.europesays.com\/fr\/wp-json\/wp\/v2\/media?parent=603939"}],"wp:term":[{"taxonomy":"category","embeddable":true,"href":"https:\/\/www.europesays.com\/fr\/wp-json\/wp\/v2\/categories?post=603939"},{"taxonomy":"post_tag","embeddable":true,"href":"https:\/\/www.europesays.com\/fr\/wp-json\/wp\/v2\/tags?post=603939"}],"curies":[{"name":"wp","href":"https:\/\/api.w.org\/{rel}","templated":true}]}}