{"id":603943,"date":"2025-12-16T23:06:36","date_gmt":"2025-12-16T23:06:36","guid":{"rendered":"https:\/\/www.europesays.com\/fr\/603943\/"},"modified":"2025-12-16T23:06:36","modified_gmt":"2025-12-16T23:06:36","slug":"la-commune-devient-ville-ambassadrice-du-don-dorganes","status":"publish","type":"post","link":"https:\/\/www.europesays.com\/fr\/603943\/","title":{"rendered":"la commune devient ville ambassadrice du don d\u2019organes"},"content":{"rendered":"<p>C\u2019est un sujet qui n\u2019est pas tr\u00e8s facile \u00e0 mettre sur la table. Et encore moins pour le repas de No\u00ebl. Et pourtant, \u00ab\u00a0le don d\u2019organes, c\u2019est un enjeu qui nous concerne tous\u00a0\u00bb, a expliqu\u00e9 le docteur Alain Lefebvre, lundi soir, aux \u00e9lus.<\/p>\n<p>Le premier point \u00e0 l\u2019ordre du jour du conseil municipal a \u00e9t\u00e9 pr\u00e9sent\u00e9 par H\u00e8l\u00e9ne Favard, \u00e9lue d\u2019opposition tr\u00e8s investie pour les causes en lien avec la sant\u00e9, par ailleurs <a href=\"https:\/\/www.leprogres.fr\/societe\/2023\/05\/17\/helene-favard-une-benevole-recompensee-par-la-medaille-de-l-assemblee-nationale\" target=\"_blank\" rel=\"noopener\">pr\u00e9sidente de l\u2019union d\u00e9partementale pour le don du sang<\/a> et de l\u2019association rouchonne. \u00ab\u00a0C\u2019est une premi\u00e8re que de laisser une \u00e9lue d\u2019opposition pr\u00e9senter une d\u00e9lib\u00e9ration, a soulign\u00e9 le maire Eric Berlivet, et c\u2019est pour une cause universelle\u00a0\u00bb.<\/p>\n<p>  Des panneaux vont \u00eatre install\u00e9s sur les principaux axes de circulation<\/p>\n<p>La conseill\u00e8re municipale a propos\u00e9 au conseil de valider une charte pour que Roche-la-Moli\u00e8re devienne ville ambassadrice du don d\u2019organes avec le soutien du collectif Greffes +. Une initiative pour \u00ab\u00a0participer \u00e0 un mouvement solidaire national permettant de sauver des milliers de vies chaque ann\u00e9e\u00a0\u00bb. La ville s\u2019engage ainsi \u00e0 organiser une manifestation annuelle chaque 22\u00a0juin, date de la journ\u00e9e nationale du don d\u2019organes. Elle promet \u00e9galement de favoriser les interventions des associations aupr\u00e8s des scolaires mais aussi des entreprises et de porter le message via ses diff\u00e9rentes publications. Un arbre de vie sera \u00e9galement plant\u00e9, pour remercier les donneurs et leurs proches.<\/p>\n<p>De plus, sur ses principaux axes de circulation, la ville va installer des panneaux portant la mention \u00ab\u00a0ville ambassadrice du don d\u2019organes\u00a0\u00bb ainsi que le ruban vert, qui le symbolise.<\/p>\n<p>  \u00ab\u00a0900 personnes d\u00e9c\u00e8dent chaque ann\u00e9e faute de greffe\u00a0\u00bb<\/p>\n<p>La s\u00e9ance du conseil municipal a \u00e9t\u00e9 interrompue un moment pour laisser la parole au docteur Alain Lefebvre, repr\u00e9sentant du collectif Greffes +\u00a0et pr\u00e9sident d\u2019Adot 42 (association pour le don d\u2019organes et de tissus de la Loire)\u00a0: \u00ab\u00a022\u00a0000 personnes sont inscrites sur la liste des donneurs en France, 12\u00a0000 sont pr\u00eates \u00e0 recevoir une greffe avec le t\u00e9l\u00e9phone \u00e0 la main 24 heures sur 24. Et 900 personnes d\u00e9c\u00e8dent chaque ann\u00e9e faute de greffe\u00a0\u00bb.<\/p>\n<p>Alain Lefebvre souligne toute l\u2019importance de communiquer autour de la d\u00e9marche, car dans 40\u00a0% des cas, \u00ab\u00a0la famille qui se retrouve dans un moment de d\u00e9tresse et qui ne conna\u00eet pas forc\u00e9ment la volont\u00e9 du d\u00e9funt refuse le don d\u2019organes\u00a0\u00bb.<\/p>\n<p>  \u00ab\u00a0Il faut en parler \u00e0 ses proches\u00a0\u00bb<\/p>\n<p>\u00ab\u00a0Quand on demande aux gens, ils sont 7 sur 10 \u00e0 \u00eatre d\u2019accord, mais <a href=\"https:\/\/www.leprogres.fr\/magazine-sante\/2023\/06\/27\/don-d-organes-parler-de-la-mort-pour-sauver-des-vies\" target=\"_blank\" rel=\"noopener\">il faut le faire savoir<\/a>, en parler \u00e0 ses proches\u00a0\u00bb souligne le pr\u00e9sident d\u2019Adot 42. Pour faciliter les choses, \u00ab\u00a0on peut avoir sur soi une carte ambassadeur don d\u2019organes, \u00e7a \u00e9vite \u00e0 sa famille de prendre la d\u00e9cision.\u00a0On peut tous \u00eatre amen\u00e9 \u00e0 avoir besoin d\u2019une greffe un jour\u00a0\u00bb.<\/p>\n<p>Le collectif Greffes +\u00a0a pour objectif de \u00ab\u00a0diffuser l\u2019information et de prendre conscience de l\u2019enjeu\u00a0\u00bb. Il s\u2019engage \u00e0 apporter son aide pour l\u2019organisation de diff\u00e9rentes actions qui seront port\u00e9es par la ville. \u00ab\u00a0Il y a d\u00e9j\u00e0 700 villes en France qui sont ambassadrices, sept au niveau de la Loire, la r\u00e9gion Aura va le devenir, la facult\u00e9 de m\u00e9decine de Saint-Etienne l\u2019est aussi\u00a0\u00bb.<\/p>\n","protected":false},"excerpt":{"rendered":"C\u2019est un sujet qui n\u2019est pas tr\u00e8s facile \u00e0 mettre sur la table. Et encore moins pour le&hellip;\n","protected":false},"author":2,"featured_media":603944,"comment_status":"","ping_status":"","sticky":false,"template":"","format":"standard","meta":{"footnotes":""},"categories":[9653],"tags":[1111,11,2430,1984,7539,1777,674,1011,27,12,316,25,12490,12491,4001,71],"class_list":{"0":"post-603943","1":"post","2":"type-post","3":"status-publish","4":"format-standard","5":"has-post-thumbnail","7":"category-saint-etienne","8":"tag-actu","9":"tag-actualites","10":"tag-auvergne-rhone-alpes","11":"tag-conseil-municipal","12":"tag-edition-loire-sud","13":"tag-eu","14":"tag-europe","15":"tag-fr","16":"tag-france","17":"tag-news","18":"tag-politique","19":"tag-republique-francaise","20":"tag-roche-la-moliere","21":"tag-roche-la-moliere-bassin","22":"tag-saint-etienne","23":"tag-sante"},"share_on_mastodon":{"url":"https:\/\/pubeurope.com\/@fr\/115731758129944156","error":""},"_links":{"self":[{"href":"https:\/\/www.europesays.com\/fr\/wp-json\/wp\/v2\/posts\/603943","targetHints":{"allow":["GET"]}}],"collection":[{"href":"https:\/\/www.europesays.com\/fr\/wp-json\/wp\/v2\/posts"}],"about":[{"href":"https:\/\/www.europesays.com\/fr\/wp-json\/wp\/v2\/types\/post"}],"author":[{"embeddable":true,"href":"https:\/\/www.europesays.com\/fr\/wp-json\/wp\/v2\/users\/2"}],"replies":[{"embeddable":true,"href":"https:\/\/www.europesays.com\/fr\/wp-json\/wp\/v2\/comments?post=603943"}],"version-history":[{"count":0,"href":"https:\/\/www.europesays.com\/fr\/wp-json\/wp\/v2\/posts\/603943\/revisions"}],"wp:featuredmedia":[{"embeddable":true,"href":"https:\/\/www.europesays.com\/fr\/wp-json\/wp\/v2\/media\/603944"}],"wp:attachment":[{"href":"https:\/\/www.europesays.com\/fr\/wp-json\/wp\/v2\/media?parent=603943"}],"wp:term":[{"taxonomy":"category","embeddable":true,"href":"https:\/\/www.europesays.com\/fr\/wp-json\/wp\/v2\/categories?post=603943"},{"taxonomy":"post_tag","embeddable":true,"href":"https:\/\/www.europesays.com\/fr\/wp-json\/wp\/v2\/tags?post=603943"}],"curies":[{"name":"wp","href":"https:\/\/api.w.org\/{rel}","templated":true}]}}