{"id":603947,"date":"2025-12-16T23:08:24","date_gmt":"2025-12-16T23:08:24","guid":{"rendered":"https:\/\/www.europesays.com\/fr\/603947\/"},"modified":"2025-12-16T23:08:24","modified_gmt":"2025-12-16T23:08:24","slug":"voici-ou-il-va-demenager","status":"publish","type":"post","link":"https:\/\/www.europesays.com\/fr\/603947\/","title":{"rendered":"voici o\u00f9 il va d\u00e9m\u00e9nager"},"content":{"rendered":"<p>                    Par<br \/>\n        <strong><br \/>\n            <a href=\"https:\/\/actu.fr\/auteur\/pierre-emile-bouchy-actu-fr\" title=\"Consulter tous les articles de Paul-Emile Bouchy\" target=\"_blank\" rel=\"noopener\">Paul-Emile Bouchy<\/a><br \/>\n                    <\/strong><\/p>\n<p>        Publi\u00e9 le<\/p>\n<p>            16 d\u00e9c. 2025 \u00e0 17h55        <\/p>\n<p>Alors que <a href=\"https:\/\/actu.fr\/grand-est\/nancy_54395\/video-action-vient-d-ouvrir-dans-le-centre-ville-de-nancy-on-a-rencontre-les-premiers-clients_63562073.html\" target=\"_blank\" rel=\"noopener\">le nouveau magasin Action vient d\u2019ouvrir ses portes<\/a> et d\u2019accueillir ses premiers clients, <strong>un autre commerce va quant \u00e0 lui quitter<\/strong> le <a href=\"https:\/\/actu.fr\/tag\/centre-commercial-saint-sebastien\" target=\"_blank\" rel=\"noopener\">centre commercial Saint S\u00e9bastien<\/a> de Nancy.<\/p>\n<p class=\" wall-content\">Apr\u00e8s <a href=\"https:\/\/actu.fr\/grand-est\/nancy_54395\/nancy-une-grande-enseigne-specialiste-de-l-idee-cadeau-original-vient-d-ouvrir-au-saint-sebastien_54998841.html\" target=\"_blank\" rel=\"noopener\">son retour dans la galerie en novembre\u00a02022<\/a>, <strong>le magasin La Chaise Longue va d\u00e9m\u00e9nager<\/strong> mais sera toujours pr\u00e9sent dans le centre-ville de la cit\u00e9 ducale. On vous dit tout.<\/p>\n<p>Une r\u00e9ouverture d\u00e9but f\u00e9vrier\u00a02026 \u00e0 Nancy<\/p>\n<p class=\" wall-content\">Le magasin, sp\u00e9cialis\u00e9 dans les cadeaux originaux, ne va pas partir tr\u00e8s loin puisqu\u2019il va s\u2019installer dans l\u2019ancienne cellule occup\u00e9e par <a href=\"https:\/\/actu.fr\/economie\/naf-naf-17-magasins-vont-fermer-voici-quelles-villes-sont-concernees_60199604.html\" target=\"_blank\" rel=\"noopener\">Naf Naf<\/a>, <strong>au 12 rue Notre-Dame<\/strong>.<\/p>\n<p class=\" wall-content\">L\u2019ouverture de cette nouvelle adresse est pr\u00e9vue le <strong>jeudi 5\u00a0f\u00e9vrier 2026<\/strong>.<\/p>\n<p class=\" wall-content\">D\u2019apr\u00e8s un employ\u00e9, l\u2019actuel magasin sera <strong>ouvert jusqu\u2019au samedi 17\u00a0janvier<\/strong>.<\/p>\n<p class=\" wall-content\">Personnalisez votre actualit\u00e9 en ajoutant vos villes et m\u00e9dias en favori avec <a href=\"https:\/\/moncompte.actu.fr\" title=\"D\u00e9couvez Mon Actu\" rel=\"nofollow noopener\" data-trk=\"{&quot;cta&quot;:{&quot;action&quot;:&quot;https:\\\/\\\/moncompte.actu.fr&quot;,&quot;category&quot;:&quot;mon compte&quot;,&quot;from&quot;:&quot;article footer&quot;,&quot;name&quot;:&quot;Mon actu&quot;,&quot;type&quot;:&quot;cta&quot;}}\" target=\"_blank\">Mon Actu<\/a>.<\/p>\n","protected":false},"excerpt":{"rendered":"Par Paul-Emile Bouchy Publi\u00e9 le 16 d\u00e9c. 2025 \u00e0 17h55 Alors que le nouveau magasin Action vient d\u2019ouvrir&hellip;\n","protected":false},"author":2,"featured_media":603948,"comment_status":"","ping_status":"","sticky":false,"template":"","format":"standard","meta":{"footnotes":""},"categories":[9635],"tags":[1111,11,18940,215,1777,674,1011,27,775,1702,12,25,104],"class_list":{"0":"post-603947","1":"post","2":"type-post","3":"status-publish","4":"format-standard","5":"has-post-thumbnail","7":"category-nancy","8":"tag-actu","9":"tag-actualites","10":"tag-centre-commercial-saint-sebastien","11":"tag-commerce","12":"tag-eu","13":"tag-europe","14":"tag-fr","15":"tag-france","16":"tag-grand-est","17":"tag-nancy","18":"tag-news","19":"tag-republique-francaise","20":"tag-societe"},"share_on_mastodon":{"url":"https:\/\/pubeurope.com\/@fr\/115731766000007411","error":""},"_links":{"self":[{"href":"https:\/\/www.europesays.com\/fr\/wp-json\/wp\/v2\/posts\/603947","targetHints":{"allow":["GET"]}}],"collection":[{"href":"https:\/\/www.europesays.com\/fr\/wp-json\/wp\/v2\/posts"}],"about":[{"href":"https:\/\/www.europesays.com\/fr\/wp-json\/wp\/v2\/types\/post"}],"author":[{"embeddable":true,"href":"https:\/\/www.europesays.com\/fr\/wp-json\/wp\/v2\/users\/2"}],"replies":[{"embeddable":true,"href":"https:\/\/www.europesays.com\/fr\/wp-json\/wp\/v2\/comments?post=603947"}],"version-history":[{"count":0,"href":"https:\/\/www.europesays.com\/fr\/wp-json\/wp\/v2\/posts\/603947\/revisions"}],"wp:featuredmedia":[{"embeddable":true,"href":"https:\/\/www.europesays.com\/fr\/wp-json\/wp\/v2\/media\/603948"}],"wp:attachment":[{"href":"https:\/\/www.europesays.com\/fr\/wp-json\/wp\/v2\/media?parent=603947"}],"wp:term":[{"taxonomy":"category","embeddable":true,"href":"https:\/\/www.europesays.com\/fr\/wp-json\/wp\/v2\/categories?post=603947"},{"taxonomy":"post_tag","embeddable":true,"href":"https:\/\/www.europesays.com\/fr\/wp-json\/wp\/v2\/tags?post=603947"}],"curies":[{"name":"wp","href":"https:\/\/api.w.org\/{rel}","templated":true}]}}