{"id":603958,"date":"2025-12-16T23:14:29","date_gmt":"2025-12-16T23:14:29","guid":{"rendered":"https:\/\/www.europesays.com\/fr\/603958\/"},"modified":"2025-12-16T23:14:29","modified_gmt":"2025-12-16T23:14:29","slug":"roumare-pierre-le-chirurgien-veterinaire","status":"publish","type":"post","link":"https:\/\/www.europesays.com\/fr\/603958\/","title":{"rendered":"Roumare &#8211; Pierre, le chirurgien-v\u00e9t\u00e9rinaire"},"content":{"rendered":"<p>Il op\u00e8re en ambulant chez les v\u00e9tos g\u00e9n\u00e9ralistes. Il a aussi contribu\u00e9 \u00e0 cr\u00e9er des cliniques uniques en Europe.<\/p>\n<p>Pour nous retrouver, avec Pierre, on aurait pu convenir d&rsquo;une grande pi\u00e8ce blanche aseptis\u00e9e. On aurait pu enfiler les surchaussures, les blouses, gants et charlottes. \u00c7&rsquo;aurait \u00e9t\u00e9 sympa aussi. Mais on a pr\u00e9f\u00e9r\u00e9 opter pour son petit bout de campagne roumaroise. Un chemin de terre flanqu\u00e9 \u00e0 mi-chemin entre sa jolie maison et la ferme d&rsquo;\u00e0 c\u00f4t\u00e9. C&rsquo;est l\u00e0 qu&rsquo;on se gare. L&rsquo;\u00e9table et sa centaine de vaches sont \u00e0 deux pas. Le jour n&rsquo;est lev\u00e9 que depuis peu de temps, une brume matinale plane sur la campagne. \u00c7&rsquo;aurait tout de m\u00eame \u00e9t\u00e9 dommage de s&rsquo;enfermer dans une salle d&rsquo;op\u00e9ration. D&rsquo;autant que les temp\u00e9ratures sont plut\u00f4t agr\u00e9ables, pour la saison.<\/p>\n<p> <img decoding=\"async\" src=\"https:\/\/www.europesays.com\/fr\/wp-content\/uploads\/2025\/12\/1765926864_603_1280\" alt=\"illustration agrandir l'image\" style=\"--_image-preview:url('data:image\/jpeg;base64,\/9j\/2wBDACgcHiMeGSgjISMtKygwPGRBPDc3PHtYXUlkkYCZlo+AjIqgtObDoKrarYqMyP\/L2u71\/\/\/\/m8H\/\/\/\/6\/+b9\/\/j\/2wBDASstLTw1PHZBQXb4pYyl+Pj4+Pj4+Pj4+Pj4+Pj4+Pj4+Pj4+Pj4+Pj4+Pj4+Pj4+Pj4+Pj4+Pj4+Pj4+Pj4+Pj\/wAARCAAbACoDASIAAhEBAxEB\/8QAGAAAAwEBAAAAAAAAAAAAAAAAAQIDBAD\/xAAYEAEBAQEBAAAAAAAAAAAAAAAAAQISEf\/EABUBAQEAAAAAAAAAAAAAAAAAAAAB\/8QAFBEBAAAAAAAAAAAAAAAAAAAAAP\/aAAwDAQACEQMRAD8AM0PSM0PSot0M0h0M0o1Z0bpmmjdoMspiwwB6711BA8o9JwRX\/9k=');\" loading=\"lazy\" fetchpriority=\"low\" class=\"svelte-1cksh76 rounded\" onload=\"this.__e=event\" onerror=\"this.__e=event\"\/> Dans son coffre, Pierre transporte un bloc op\u00e9ratoire ambulant \u00a9 Aucun(e) &#8211; Synervet  <\/p>\n<p><strong>IL FAIT DANS LA CHIRURGIE<\/strong><\/p>\n<p>Bon, son c\u00f4t\u00e9 chirurgien, on ne le voit pas au premier coup d&rsquo;\u0153il. L\u00e0, c&rsquo;est un gentleman-farmer qui m&rsquo;attend, tout sourire. Sans doute que le moment rappelle \u00e0 Pierre ses d\u00e9buts, quand il \u00e9tait encore \u00e9tudiant \u00e0 l&rsquo;\u00e9cole des v\u00e9tos. Alors, il battait la campagne, d&rsquo;une ferme \u00e0 l&rsquo;autre. Mais \u00e7a, \u00e7a n&rsquo;a dur\u00e9 que le temps des \u00e9tudes. Le v\u00e9t\u00e9rinaire ambulant est en g\u00e9n\u00e9ral g\u00e9n\u00e9raliste. Mon Pierrot, lui, il fait dans la chirurgie. Forc\u00e9ment qu&rsquo;on n&rsquo;op\u00e8re pas la vache \u00e0-m\u00eame l&rsquo;\u00e9table. Ni le chien sur la table du salon. On a besoin d&rsquo;un environnement adapt\u00e9, pour ce genre de chose.<\/p>\n<p> <img decoding=\"async\" src=\"https:\/\/www.europesays.com\/fr\/wp-content\/uploads\/2025\/12\/1765926865_789_1280\" alt=\"illustration agrandir l'image\" style=\"--_image-preview:url('data:image\/jpeg;base64,\/9j\/2wBDACgcHiMeGSgjISMtKygwPGRBPDc3PHtYXUlkkYCZlo+AjIqgtObDoKrarYqMyP\/L2u71\/\/\/\/m8H\/\/\/\/6\/+b9\/\/j\/2wBDASstLTw1PHZBQXb4pYyl+Pj4+Pj4+Pj4+Pj4+Pj4+Pj4+Pj4+Pj4+Pj4+Pj4+Pj4+Pj4+Pj4+Pj4+Pj4+Pj4+Pj\/wAARCAAbACoDASIAAhEBAxEB\/8QAGAAAAwEBAAAAAAAAAAAAAAAAAQIDBAD\/xAAYEAEBAQEBAAAAAAAAAAAAAAAAAQIREv\/EABYBAQEBAAAAAAAAAAAAAAAAAAECAP\/EABYRAQEBAAAAAAAAAAAAAAAAAAABEf\/aAAwDAQACEQMRAD8AjaBeu6wPlbFQiuaQ04p\/TPnRvY0sHRhRghPDypw0UFJofSbkVT\/\/2Q==');\" loading=\"lazy\" fetchpriority=\"low\" class=\"svelte-1cksh76 rounded\" onload=\"this.__e=event\" onerror=\"this.__e=event\"\/> Dans ces caisses, tout le mat\u00e9riel n\u00e9cessaire \u00e0 la chirurgie ambulante \u00a9 Aucun(e) &#8211; Synervet  <\/p>\n<p><strong>UN BLOC OP\u00c9RATOIRE AMBULANT<\/strong><\/p>\n<p>La chirurgie ambulante, voil\u00e0 une des cordes \u00e0 l&rsquo;arc du docteur Schwinte, comme l&rsquo;appellent les ma\u00eetres de ses petits patients. D&rsquo;ailleurs, dans le coffre de sa petite berline, tout est l\u00e0 pour faire du bon travail. Pierre a fait des boites \u00e0 instruments de ce qui \u00e9tait vendu pour des caisses \u00e0 outils. Chaque boite contient les pi\u00e8ces d&rsquo;un puzzle qui, une fois reconstitu\u00e9, fait un bloc op\u00e9ratoire. On pourra op\u00e9rer, l\u00e0 o\u00f9 un petit animal attendra qu&rsquo;on le soulage. Soit, dans le cabinet d&rsquo;un confr\u00e8re. Sur place, le chirurgien-v\u00e9t\u00e9rinaire et son infirmi\u00e8re n&rsquo;auront plus qu&rsquo;\u00e0 installer leur bloc, en quelques minutes.<\/p>\n<p> <img decoding=\"async\" src=\"https:\/\/www.europesays.com\/fr\/wp-content\/uploads\/2025\/12\/1765926866_426_1280\" alt=\"illustration agrandir l'image\" style=\"--_image-preview:url('data:image\/jpeg;base64,\/9j\/2wBDACgcHiMeGSgjISMtKygwPGRBPDc3PHtYXUlkkYCZlo+AjIqgtObDoKrarYqMyP\/L2u71\/\/\/\/m8H\/\/\/\/6\/+b9\/\/j\/2wBDASstLTw1PHZBQXb4pYyl+Pj4+Pj4+Pj4+Pj4+Pj4+Pj4+Pj4+Pj4+Pj4+Pj4+Pj4+Pj4+Pj4+Pj4+Pj4+Pj4+Pj\/wAARCAAqAB8DASIAAhEBAxEB\/8QAGAABAQEBAQAAAAAAAAAAAAAAAgMAAQT\/xAAXEAEBAQEAAAAAAAAAAAAAAAAAAQIR\/8QAFwEBAQEBAAAAAAAAAAAAAAAAAAECA\/\/EABYRAQEBAAAAAAAAAAAAAAAAAAARAf\/aAAwDAQACEQMRAD8AMdbjLFo0KdCkKvwbFODYrnUtBVNJaFr2hox0Mo6R0ttHQuP\/2Q==');\" loading=\"lazy\" fetchpriority=\"low\" class=\"svelte-1cksh76 rounded\" onload=\"this.__e=event\" onerror=\"this.__e=event\"\/> Avec l&rsquo;aide d&rsquo;une infirmi\u00e8re, Pierre peut d\u00e9placer son bloc op\u00e9ratoire chez les v\u00e9t\u00e9rinaires g\u00e9n\u00e9ralistes \u00a9 Aucun(e) &#8211; Synervet  <\/p>\n<p><strong>UNE CLINIQUE DE POINTE<\/strong><\/p>\n<p>La chirurgie, ce sont parfois aussi des op\u00e9rations plus lourdes. Qui n\u00e9cessitent une infrastructure et du mat\u00e9riel adapt\u00e9s. Parce qu&rsquo;aujourd&rsquo;hui, on va beaucoup plus loin qu&rsquo;il y a 40 ans, quand il s&rsquo;agit de prendre soin de nos animaux. On n&rsquo;h\u00e9site plus \u00e0 les passer au scanner, \u00e0 utiliser la chimio ou \u00e0 poser des proth\u00e8ses. Avec une brochette de confr\u00e8res, l&rsquo;id\u00e9e a donc germ\u00e9e, au d\u00e9but des ann\u00e9es 2010, de cr\u00e9er une clinique de pointe, unique en Europe. Un plateau technique \u00e0 la pointe de la technologie, o\u00f9 une trentaine de v\u00e9t\u00e9rinaires fait tourner ce qui pourrait ressembler \u00e0 un petit h\u00f4pital.<\/p>\n<p> <img decoding=\"async\" src=\"https:\/\/www.europesays.com\/fr\/wp-content\/uploads\/2025\/12\/1765926867_330_1280\" alt=\"illustration agrandir l'image\" style=\"--_image-preview:url('data:image\/jpeg;base64,\/9j\/2wBDACgcHiMeGSgjISMtKygwPGRBPDc3PHtYXUlkkYCZlo+AjIqgtObDoKrarYqMyP\/L2u71\/\/\/\/m8H\/\/\/\/6\/+b9\/\/j\/2wBDASstLTw1PHZBQXb4pYyl+Pj4+Pj4+Pj4+Pj4+Pj4+Pj4+Pj4+Pj4+Pj4+Pj4+Pj4+Pj4+Pj4+Pj4+Pj4+Pj4+Pj\/wAARCAAfACoDASIAAhEBAxEB\/8QAGAABAQEBAQAAAAAAAAAAAAAAAQIDAAT\/xAAYEAEBAQEBAAAAAAAAAAAAAAAAAQIREv\/EABUBAQEAAAAAAAAAAAAAAAAAAAEA\/8QAFBEBAAAAAAAAAAAAAAAAAAAAAP\/aAAwDAQACEQMRAD8A9XR0WotCVdD0i0dKazZ9sOn0E00i1emekU2ucYgHKkPAX\/\/Z');\" loading=\"lazy\" fetchpriority=\"low\" class=\"svelte-1cksh76 rounded\" onload=\"this.__e=event\" onerror=\"this.__e=event\"\/> Une clinique tout \u00e9quip\u00e9e \u00a9 Aucun(e) &#8211; Synervet  <\/p>\n<p><strong>DES SP\u00c9CIALISTES DANS CHAQUE DOMAINE<\/strong><\/p>\n<p>La premi\u00e8re clinique voit donc le jour en 2014. Pierre et ses associ\u00e9s, apr\u00e8s avoir lanc\u00e9 l&rsquo;id\u00e9e aupr\u00e8s des v\u00e9t\u00e9rinaires g\u00e9n\u00e9ralistes de la r\u00e9gion, r\u00e9ussissent, gr\u00e2ce aux fonds apport\u00e9s par une centaine d&rsquo;entre eux, \u00e0 mettre leur projet sur pied. On pratiquera en un seul lieu tous les soins possibles aux b\u00e9b\u00eates. L&rsquo;\u00e9quipe int\u00e8grera des sp\u00e9cialistes de chaque domaine. En mati\u00e8re d&rsquo;\u00e9quipement, on ne trouvera pas mieux. Avec l&rsquo;objectif de travailler dans le prolongement du travail du g\u00e9n\u00e9raliste. Les ma\u00eetres ne d\u00e9posent pas leur animal spontan\u00e9ment; il doit d&rsquo;abord \u00eatre pass\u00e9 entre les mains du v\u00e9to de famille qui, si n\u00e9cessaire, d\u00e9livrera l&rsquo;ordonnance qui vous permettra de planifier dans la clinique les soins de l&rsquo;animal. Un concept qui fonctionne sur une collaboration totale, entre les sp\u00e9cialistes et les g\u00e9n\u00e9ralistes.<\/p>\n<p> <img decoding=\"async\" src=\"https:\/\/www.europesays.com\/fr\/wp-content\/uploads\/2025\/12\/1765926868_604_1280\" alt=\"illustration agrandir l'image\" style=\"--_image-preview:url('data:image\/jpeg;base64,\/9j\/2wBDACgcHiMeGSgjISMtKygwPGRBPDc3PHtYXUlkkYCZlo+AjIqgtObDoKrarYqMyP\/L2u71\/\/\/\/m8H\/\/\/\/6\/+b9\/\/j\/2wBDASstLTw1PHZBQXb4pYyl+Pj4+Pj4+Pj4+Pj4+Pj4+Pj4+Pj4+Pj4+Pj4+Pj4+Pj4+Pj4+Pj4+Pj4+Pj4+Pj4+Pj\/wAARCAAqAB8DASIAAhEBAxEB\/8QAFwABAQEBAAAAAAAAAAAAAAAAAgEAA\/\/EABcQAQEBAQAAAAAAAAAAAAAAAAABERL\/xAAWAQEBAQAAAAAAAAAAAAAAAAABAAL\/xAAVEQEBAAAAAAAAAAAAAAAAAAAAEf\/aAAwDAQACEQMRAD8A6ampaNoVLW6C1NKOjWtQsozLICOsKwg4UGHAX\/\/Z');\" loading=\"lazy\" fetchpriority=\"low\" class=\"svelte-1cksh76 rounded\" onload=\"this.__e=event\" onerror=\"this.__e=event\"\/> Dans la clinique, on peut m\u00eame op\u00e9rer votre crocodile \u00a9 Aucun(e) &#8211; Synervet  <\/p>\n<p><strong>UNE SUCCESS STORY<\/strong><\/p>\n<p>On en est o\u00f9, 11 ans apr\u00e8s? C&rsquo;est simple, le succ\u00e8s de la premi\u00e8re clinique fut tel qu&rsquo;on en a ouvert une deuxi\u00e8me. Deux adresses, aujourd&rsquo;hui, en Normandie. Une dans l&rsquo;agglo rouennaise et une au Havre. Une troisi\u00e8me est actuellement en construction \u00e0 Amiens. Ce que je me dis, moi, quand je cause avec Pierre, c&rsquo;est que j&rsquo;ai sous les yeux quelque chose qui ressemble \u00e0 une success story. Et je me demande comment mon copain arrive \u00e0 se d\u00e9gager du temps pour ses autres passions. Parce qu&rsquo;il en a un paquet, le monsieur. Du genre \u00e0 se passionner pour tout ce qui est passionnant. Revenez demain, nous vous parlerons des plus hauts sommets des 7 continents. Il les a tous faits!<\/p>\n<p> <img decoding=\"async\" src=\"https:\/\/www.europesays.com\/fr\/wp-content\/uploads\/2025\/12\/1765926869_439_1280\" alt=\"illustration agrandir l'image\" style=\"--_image-preview:url('data:image\/jpeg;base64,\/9j\/2wBDACgcHiMeGSgjISMtKygwPGRBPDc3PHtYXUlkkYCZlo+AjIqgtObDoKrarYqMyP\/L2u71\/\/\/\/m8H\/\/\/\/6\/+b9\/\/j\/2wBDASstLTw1PHZBQXb4pYyl+Pj4+Pj4+Pj4+Pj4+Pj4+Pj4+Pj4+Pj4+Pj4+Pj4+Pj4+Pj4+Pj4+Pj4+Pj4+Pj4+Pj\/wAARCAAfACoDASIAAhEBAxEB\/8QAFwABAQEBAAAAAAAAAAAAAAAAAAECA\/\/EABcQAQEBAQAAAAAAAAAAAAAAAAABERL\/xAAVAQEBAAAAAAAAAAAAAAAAAAABAP\/EABQRAQAAAAAAAAAAAAAAAAAAAAD\/2gAMAwEAAhEDEQA\/ANWppUBXTU1NIbla1y06SVDUBKlpWbUDTWRF\/9k=');\" loading=\"lazy\" fetchpriority=\"low\" class=\"svelte-1cksh76 rounded\" onload=\"this.__e=event\" onerror=\"this.__e=event\"\/> Allez mon p\u00e9p\u00e8re, \u00e7a ira mieux bient\u00f4t \u00a9 Aucun(e) &#8211; Synervet  <\/p>\n","protected":false},"excerpt":{"rendered":"Il op\u00e8re en ambulant chez les v\u00e9tos g\u00e9n\u00e9ralistes. Il a aussi contribu\u00e9 \u00e0 cr\u00e9er des cliniques uniques en&hellip;\n","protected":false},"author":2,"featured_media":603959,"comment_status":"","ping_status":"","sticky":false,"template":"","format":"standard","meta":{"footnotes":""},"categories":[9587],"tags":[1111,11,1777,674,1011,27,12,5161,25,9590],"class_list":{"0":"post-603958","1":"post","2":"type-post","3":"status-publish","4":"format-standard","5":"has-post-thumbnail","7":"category-rouen","8":"tag-actu","9":"tag-actualites","10":"tag-eu","11":"tag-europe","12":"tag-fr","13":"tag-france","14":"tag-news","15":"tag-normandie","16":"tag-republique-francaise","17":"tag-rouen"},"share_on_mastodon":{"url":"https:\/\/pubeurope.com\/@fr\/115731790632457089","error":""},"_links":{"self":[{"href":"https:\/\/www.europesays.com\/fr\/wp-json\/wp\/v2\/posts\/603958","targetHints":{"allow":["GET"]}}],"collection":[{"href":"https:\/\/www.europesays.com\/fr\/wp-json\/wp\/v2\/posts"}],"about":[{"href":"https:\/\/www.europesays.com\/fr\/wp-json\/wp\/v2\/types\/post"}],"author":[{"embeddable":true,"href":"https:\/\/www.europesays.com\/fr\/wp-json\/wp\/v2\/users\/2"}],"replies":[{"embeddable":true,"href":"https:\/\/www.europesays.com\/fr\/wp-json\/wp\/v2\/comments?post=603958"}],"version-history":[{"count":0,"href":"https:\/\/www.europesays.com\/fr\/wp-json\/wp\/v2\/posts\/603958\/revisions"}],"wp:featuredmedia":[{"embeddable":true,"href":"https:\/\/www.europesays.com\/fr\/wp-json\/wp\/v2\/media\/603959"}],"wp:attachment":[{"href":"https:\/\/www.europesays.com\/fr\/wp-json\/wp\/v2\/media?parent=603958"}],"wp:term":[{"taxonomy":"category","embeddable":true,"href":"https:\/\/www.europesays.com\/fr\/wp-json\/wp\/v2\/categories?post=603958"},{"taxonomy":"post_tag","embeddable":true,"href":"https:\/\/www.europesays.com\/fr\/wp-json\/wp\/v2\/tags?post=603958"}],"curies":[{"name":"wp","href":"https:\/\/api.w.org\/{rel}","templated":true}]}}