{"id":603966,"date":"2025-12-16T23:19:13","date_gmt":"2025-12-16T23:19:13","guid":{"rendered":"https:\/\/www.europesays.com\/fr\/603966\/"},"modified":"2025-12-16T23:19:13","modified_gmt":"2025-12-16T23:19:13","slug":"municipales-2026-a-melle-isabelle-buat-annonce-sa-candidature","status":"publish","type":"post","link":"https:\/\/www.europesays.com\/fr\/603966\/","title":{"rendered":"Municipales 2026. \u00c0 Mell\u00e9, Isabelle Buat annonce sa candidature"},"content":{"rendered":"<p>Isabelle Buat a annonc\u00e9 sa candidature aux \u00e9lections municipales pr\u00e9vues le 15\u00a0mars 2026, \u00e0 Mell\u00e9 dans le pays de Foug\u00e8res (Ille-et-Vilaine). Ancienne conseill\u00e8re municipale entre 2014 et 2020, elle est \u00e9galement tr\u00e8s investie depuis de nombreuses ann\u00e9es dans la vie associative locale. Une implication qu\u2019elle revendique aujourd\u2019hui comme le socle de son engagement politique.<\/p>\n<p>Lire aussi\u00a0:<a href=\"https:\/\/fougeres.maville.com\/actu\/actudet_-municipales-2026.-a-melle-le-maire-sortant-est-candidat-a-sa-succession-_52695-7063805_actu.Htm\" target=\"_blank\" rel=\"noopener\"> Municipales 2026. \u00c0 Mell\u00e9, le maire sortant est candidat \u00e0 sa succession<\/a> <\/p>\n<p>\u00a0Je suis profond\u00e9ment attach\u00e9e \u00e0 Mell\u00e9. Depuis des ann\u00e9es, je m\u2019efforce de d\u00e9fendre notre territoire, de soutenir nos associations, de recr\u00e9er du lien et d\u2019apporter de la vie dans notre village\u00a0, explique la candidate.<\/p>\n<p>Entour\u00e9e d\u2019une \u00e9quipe qu\u2019elle d\u00e9crit comme \u00a0motiv\u00e9e et bienveillante\u00a0, Isabelle Buat pr\u00e9cise qu\u2019elle conduira une liste de propositions et non une liste d\u2019opposition. \u00a0Notre d\u00e9marche est constructive et respectueuse. Mell\u00e9 m\u00e9rite de retrouver une \u00e9nergie nouvelle, de la proximit\u00e9 et une vie communale plus anim\u00e9e.\u00a0\u00bb<\/p>\n<p>La candidate entend \u00e9galement s\u2019inscrire dans le nouveau cadre du scrutin municipal pour les petites communes, qui permet d\u00e9sormais la repr\u00e9sentation de plusieurs listes au sein du conseil municipal. \u00a0C\u2019est une chance pour Mell\u00e9, celle d\u2019apporter des points de vue compl\u00e9mentaires, des id\u00e9es nouvelles et un souffle d\u00e9mocratique bienvenu\u00a0, estime Isabelle Buat.<\/p>\n<p>Afin de pr\u00e9senter sa d\u00e9marche et d\u2019\u00e9changer avec les habitants, une premi\u00e8re r\u00e9union publique d\u2019information est organis\u00e9e mercredi 17\u00a0d\u00e9cembre 2025 \u00e0 18\u00a0h\u00a030, \u00e0 l\u2019espace de coworking de Mell\u00e9.<\/p>\n<p>\u00a0<\/p>\n","protected":false},"excerpt":{"rendered":"Isabelle Buat a annonc\u00e9 sa candidature aux \u00e9lections municipales pr\u00e9vues le 15\u00a0mars 2026, \u00e0 Mell\u00e9 dans le pays&hellip;\n","protected":false},"author":2,"featured_media":603967,"comment_status":"","ping_status":"","sticky":false,"template":"","format":"standard","meta":{"footnotes":""},"categories":[2821],"tags":[5734,1111,11,2562,829,71601,47636,1777,674,1011,27,55446,6756,3554,12,584,25],"class_list":{"0":"post-603966","1":"post","2":"type-post","3":"status-publish","4":"format-standard","5":"has-post-thumbnail","7":"category-rennes","8":"tag-5734","9":"tag-actu","10":"tag-actualites","11":"tag-annonce","12":"tag-bretagne","13":"tag-buat","14":"tag-candidature","15":"tag-eu","16":"tag-europe","17":"tag-fr","18":"tag-france","19":"tag-isabelle","20":"tag-melle","21":"tag-municipales","22":"tag-news","23":"tag-rennes","24":"tag-republique-francaise"},"share_on_mastodon":{"url":"https:\/\/pubeurope.com\/@fr\/115731809203266717","error":""},"_links":{"self":[{"href":"https:\/\/www.europesays.com\/fr\/wp-json\/wp\/v2\/posts\/603966","targetHints":{"allow":["GET"]}}],"collection":[{"href":"https:\/\/www.europesays.com\/fr\/wp-json\/wp\/v2\/posts"}],"about":[{"href":"https:\/\/www.europesays.com\/fr\/wp-json\/wp\/v2\/types\/post"}],"author":[{"embeddable":true,"href":"https:\/\/www.europesays.com\/fr\/wp-json\/wp\/v2\/users\/2"}],"replies":[{"embeddable":true,"href":"https:\/\/www.europesays.com\/fr\/wp-json\/wp\/v2\/comments?post=603966"}],"version-history":[{"count":0,"href":"https:\/\/www.europesays.com\/fr\/wp-json\/wp\/v2\/posts\/603966\/revisions"}],"wp:featuredmedia":[{"embeddable":true,"href":"https:\/\/www.europesays.com\/fr\/wp-json\/wp\/v2\/media\/603967"}],"wp:attachment":[{"href":"https:\/\/www.europesays.com\/fr\/wp-json\/wp\/v2\/media?parent=603966"}],"wp:term":[{"taxonomy":"category","embeddable":true,"href":"https:\/\/www.europesays.com\/fr\/wp-json\/wp\/v2\/categories?post=603966"},{"taxonomy":"post_tag","embeddable":true,"href":"https:\/\/www.europesays.com\/fr\/wp-json\/wp\/v2\/tags?post=603966"}],"curies":[{"name":"wp","href":"https:\/\/api.w.org\/{rel}","templated":true}]}}