{"id":603976,"date":"2025-12-16T23:24:17","date_gmt":"2025-12-16T23:24:17","guid":{"rendered":"https:\/\/www.europesays.com\/fr\/603976\/"},"modified":"2025-12-16T23:24:17","modified_gmt":"2025-12-16T23:24:17","slug":"jo-alpes-2030-sil-devient-maire-de-nice-eric-ciotti-refusera-les-projets-de-patinoires","status":"publish","type":"post","link":"https:\/\/www.europesays.com\/fr\/603976\/","title":{"rendered":"JO Alpes 2030: s&rsquo;il devient maire de Nice, Eric Ciotti refusera les projets de patinoires"},"content":{"rendered":"<p class=\"mb-4 text-lg md:leading-8 break-words\">Eric Ciotti, candidat UDR-RN \u00e0 la mairie de Nice, a d\u00e9clar\u00e9 mardi qu&rsquo;il refuserait les projets actuels de nouvelle patinoire et d&rsquo;am\u00e9nagement de l&rsquo;Allianz Arena pr\u00e9vus pour les sports de glace pendant les <a href=\"https:\/\/rmcsport.bfmtv.com\/jeux-olympiques\/les-alpes-francaises-seules-candidates-pour-les-jo-d-hiver-2030_DN-202311290846.html\" rel=\"nofollow noopener\" target=\"_blank\" data-ylk=\"slk:JO 2030;elm:context_link;itc:0;sec:content-canvas\" class=\"link \">JO 2030<\/a>. \u00ab\u00a0Sur le principe, je suis favorable aux Jeux olympiques. C&rsquo;est toujours une manifestation importante, qui donne du rayonnement \u00e0 notre nation\u00a0\u00bb, a d\u00e9clar\u00e9 le d\u00e9put\u00e9 des Alpes-Maritimes sur France 5. Mais \u00e0 Nice, \u00ab\u00a0si je suis \u00e9lu maire demain, \u00e7a ne se fera pas comme \u00e7a\u00a0\u00bb, a-t-il pr\u00e9venu, se disant \u00ab\u00a0pr\u00eat \u00e0 consulter les Ni\u00e7ois par r\u00e9f\u00e9rendum\u00a0\u00bb si on tentait de lui forcer la main.<br \/><a href=\"https:\/\/fr.news.yahoo.com\/sport\/jo-2030-pourquoi-grospiron-%C3%A9t%C3%A9-182555515.html\" data-ylk=\"slk:Pr\u00e9vu comme p\u00f4le olympique des sports de glace;elm:context_link;itc:0;sec:content-canvas;outcm:mb_qualified_link;_E:mb_qualified_link;ct:story;\" class=\"link  yahoo-link\" target=\"_blank\" rel=\"noopener\">Pr\u00e9vu comme p\u00f4le olympique des sports de glace<\/a>, Nice doit aussi accueillir un village olympique, le centre des m\u00e9dias et la c\u00e9r\u00e9monie de cl\u00f4ture. Si le Comit\u00e9 d&rsquo;organisation des Jeux olympiques et paralympiques (Cojop) 2030 s&rsquo;est donn\u00e9 jusqu&rsquo;\u00e0 fin juin pour finaliser la carte des sites, pour l&rsquo;instant le projet est de couvrir le stade de football de l&rsquo;Allianz Arena pour les \u00e9preuves de hockey et de construire \u00e0 c\u00f4t\u00e9 une nouvelle patinoire pour le patinage artistique.<\/p>\n<p>\u00ab\u00a0Il y a d&rsquo;autres solutions\u00a0\u00bb<\/p>\n<p class=\"mb-4 text-lg md:leading-8 break-words\">\u00ab\u00a0Je ne souhaite pas qu&rsquo;on utilise le stade de l&rsquo;Allianz Riviera, qu&rsquo;on le bloque pendant plusieurs mois et que notre \u00e9quipe (l&rsquo;OGC Nice) soit contrainte de jouer ailleurs, pour un co\u00fbt de 80 millions d&rsquo;euros\u00a0\u00bb, a d\u00e9clar\u00e9 M. Ciotti, qui refuse aussi le projet de grande patinoire. \u00ab\u00a0Il y a d&rsquo;autres solutions. Je les proposerai\u00a0\u00bb, a-t-il assur\u00e9.<\/p>\n<p class=\"mb-4 text-lg md:leading-8 break-words\">Contact\u00e9e par l&rsquo;AFP sur ces solutions alternatives, l&rsquo;\u00e9quipe de M. Ciotti n&rsquo;a pas r\u00e9pondu dans l&rsquo;imm\u00e9diat. D\u00e9but novembre, le d\u00e9put\u00e9 Fr\u00e9d\u00e9ric Maillot (groupe Gauche d\u00e9mocrate et r\u00e9publicaine), rapporteur pour avis des cr\u00e9dits du budget Sport de la commission des Affaires culturelles de l&rsquo;Assembl\u00e9e nationale, avait mis en doute le projet de patinoire ni\u00e7oise, \u00ab\u00a0estim\u00e9 \u00e0 138 millions d&rsquo;euros\u00a0\u00bb, alors qu&rsquo;il existe des patinoires olympiques fonctionnelles \u00e0 Marseille, Lyon ou Pralognan-la-Vanoise.<\/p>\n<p class=\"mb-4 text-lg md:leading-8 break-words\"><a href=\"https:\/\/rmcsport.bfmtv.com\/jeux-olympiques\/jo-alpes-2030-s-il-devient-maire-de-nice-eric-ciotti-refusera-les-projets-de-patinoires_AV-202512160984.html#xtor=AL-68\" rel=\"nofollow noopener\" target=\"_blank\" data-ylk=\"slk:Article original publi\u00e9 sur RMC Sport;elm:context_link;itc:0;sec:content-canvas\" class=\"link \">Article original publi\u00e9 sur RMC Sport<\/a><\/p>\n","protected":false},"excerpt":{"rendered":"Eric Ciotti, candidat UDR-RN \u00e0 la mairie de Nice, a d\u00e9clar\u00e9 mardi qu&rsquo;il refuserait les projets actuels de&hellip;\n","protected":false},"author":2,"featured_media":603977,"comment_status":"","ping_status":"","sticky":false,"template":"","format":"standard","meta":{"footnotes":""},"categories":[2819],"tags":[1111,11,6537,1777,674,1011,27,4837,12,2401,882,25,71603],"class_list":{"0":"post-603976","1":"post","2":"type-post","3":"status-publish","4":"format-standard","5":"has-post-thumbnail","7":"category-nice","8":"tag-actu","9":"tag-actualites","10":"tag-eric-ciotti","11":"tag-eu","12":"tag-europe","13":"tag-fr","14":"tag-france","15":"tag-le-projet","16":"tag-news","17":"tag-nice","18":"tag-provence-alpes-cote-dazur","19":"tag-republique-francaise","20":"tag-sports-de-glace"},"share_on_mastodon":{"url":"https:\/\/pubeurope.com\/@fr\/115731828915121793","error":""},"_links":{"self":[{"href":"https:\/\/www.europesays.com\/fr\/wp-json\/wp\/v2\/posts\/603976","targetHints":{"allow":["GET"]}}],"collection":[{"href":"https:\/\/www.europesays.com\/fr\/wp-json\/wp\/v2\/posts"}],"about":[{"href":"https:\/\/www.europesays.com\/fr\/wp-json\/wp\/v2\/types\/post"}],"author":[{"embeddable":true,"href":"https:\/\/www.europesays.com\/fr\/wp-json\/wp\/v2\/users\/2"}],"replies":[{"embeddable":true,"href":"https:\/\/www.europesays.com\/fr\/wp-json\/wp\/v2\/comments?post=603976"}],"version-history":[{"count":0,"href":"https:\/\/www.europesays.com\/fr\/wp-json\/wp\/v2\/posts\/603976\/revisions"}],"wp:featuredmedia":[{"embeddable":true,"href":"https:\/\/www.europesays.com\/fr\/wp-json\/wp\/v2\/media\/603977"}],"wp:attachment":[{"href":"https:\/\/www.europesays.com\/fr\/wp-json\/wp\/v2\/media?parent=603976"}],"wp:term":[{"taxonomy":"category","embeddable":true,"href":"https:\/\/www.europesays.com\/fr\/wp-json\/wp\/v2\/categories?post=603976"},{"taxonomy":"post_tag","embeddable":true,"href":"https:\/\/www.europesays.com\/fr\/wp-json\/wp\/v2\/tags?post=603976"}],"curies":[{"name":"wp","href":"https:\/\/api.w.org\/{rel}","templated":true}]}}