{"id":603978,"date":"2025-12-16T23:25:18","date_gmt":"2025-12-16T23:25:18","guid":{"rendered":"https:\/\/www.europesays.com\/fr\/603978\/"},"modified":"2025-12-16T23:25:18","modified_gmt":"2025-12-16T23:25:18","slug":"les-40-ans-des-rendez-vous-de-lerdre-se-preparent-avec-un-budget-serre","status":"publish","type":"post","link":"https:\/\/www.europesays.com\/fr\/603978\/","title":{"rendered":"Les 40\u00a0ans des Rendez-vous de l\u2019Erdre se pr\u00e9parent avec un budget serr\u00e9"},"content":{"rendered":"<tr wp_automatic_readability=\"5.8723404255319\">\n<td valign=\"middle\" align=\"center\" class=\"col-logo\" wp_automatic_readability=\"5\">\n    <img decoding=\"async\" src=\"https:\/\/maville.com\/design\/images\/logo-of-monetise.svg?version=20130627\" alt=\"logo Ouest-France\" height=\"66\"\/><\/p>\n<p>Contenu r\u00e9serv\u00e9 aux abonn\u00e9s<\/p>\n<\/td>\n<td class=\"col-titre\">\n\t\t\tMardi 16 d\u00e9cembre 2025 21:00<br \/>\n\t\t\t<a class=\"icon-bulle sizeL count\" href=\"#ancreAvis\"><br \/>\n\t&#8230;<br \/>\n<\/a><\/td>\n<\/tr>\n<p>\t\t<a class=\"mavillebox2 elmt-photo\" href=\"https:\/\/maville.com\/photosmvi\/2025\/12\/16\/P35644001D7112597G.jpg\" title=\" Le festival des Rendez-vous de l\u2019Erdre, qui allie jazz et belle plaisance, f\u00eatera ses 40\u00a0ans en ao\u00fbt\u00a02026. Le programme se d\u00e9roulera dans quinze communes de l\u2019Erdre et du canal de Nantes \u00e0 Brest. Un appel \u00e0 dons est lanc\u00e9 sur Helloasso.  \u00a9  Archives Marc Roger \/ OUEST FRANCE  \" rel=\"galerie_actu noopener\" target=\"_blank\"><br \/>\n\t<img decoding=\"async\" src=\"https:\/\/www.europesays.com\/fr\/wp-content\/uploads\/2025\/12\/P35644001D7112597G_crop_640-330_.jpg\" alt=\"photo  le festival des rendez-vous de l\u2019erdre, qui allie jazz et belle plaisance, f\u00eatera ses 40\u00a0ans en ao\u00fbt\u00a02026. le programme se d\u00e9roulera dans quinze communes de l\u2019erdre et du canal de nantes \u00e0 brest. un appel \u00e0 dons est lanc\u00e9 sur helloasso.  \u00a9  archives marc roger \/ ouest france \"\/><br \/>\n\t2<br \/>\n<\/a><\/p>\n<p class=\"elmt-legende\"> Le festival des Rendez-vous de l\u2019Erdre, qui allie jazz et belle plaisance, f\u00eatera ses 40\u00a0ans en ao\u00fbt\u00a02026. Le programme se d\u00e9roulera dans quinze communes de l\u2019Erdre et du canal de Nantes \u00e0 Brest. Un appel \u00e0 dons est lanc\u00e9 sur Helloasso.  \u00a9  Archives Marc Roger \/ OUEST FRANCE  <\/p>\n<p><a class=\"mavillebox2\" href=\"https:\/\/maville.com\/photosmvi\/2025\/12\/16\/P35644002D7112597G.jpg\" title=\"Lors du festival des Rendez-vous de l\u2019Erdre, samedi 30\u00a0ao\u00fbt 2025, la pluie a emp\u00each\u00e9 le concert de Marion Rampal sur la sc\u00e8ne Nautique, situ\u00e9e sur le bassin Ceineray. Le concert est reprogramm\u00e9 le 20\u00a0mai au Pannonica, \u00e0 Nantes. \u00a9  Ouest-France \" rel=\"galerie_actu noopener\" target=\"_blank\"><\/p>\n<p>\t\tQuinze communes, au fil de l\u2019Erdre et du canal de Nantes \u00e0 Brest accueilleront le festival qui allie jazz et belle plaisance, du 24 au 30\u00a0ao\u00fbt 2026. Pour f\u00eater les 40\u00a0ans, l\u2019association culturelle de l\u2019\u00c9t\u00e9 (ACE) a recours au m\u00e9c\u00e9nat d\u2019entreprise et aux donateurs particuliers (via Helloasso).<\/p>\n<p><b>Cet article est r\u00e9serv\u00e9 aux abonn\u00e9s<\/b><\/p>\n<p>Pour un acc\u00e8s imm\u00e9diat, abonnez-vous<\/p>\n<p><b>1\u00e8re semaine offerte<\/b><\/p>\n<p>\t\t Roberte Jourdon \u00a0\u00a0<br \/>\n\t\tOuest-France<\/p>\n<p>Retrouvez d&rsquo;autres actus sur les communes de :<\/p>\n<p>\t\t&#13;<\/p>\n","protected":false},"excerpt":{"rendered":"Contenu r\u00e9serv\u00e9 aux abonn\u00e9s Mardi 16 d\u00e9cembre 2025 21:00 &#8230; 2 Le festival des Rendez-vous de l\u2019Erdre, qui&hellip;\n","protected":false},"author":2,"featured_media":603979,"comment_status":"","ping_status":"","sticky":false,"template":"","format":"standard","meta":{"footnotes":""},"categories":[2818],"tags":[5058,1111,11,1764,1003,8925,1777,674,1011,27,766,12,2636,15651,12407,25,22503],"class_list":{"0":"post-603978","1":"post","2":"type-post","3":"status-publish","4":"format-standard","5":"has-post-thumbnail","7":"category-nantes","8":"tag-5058","9":"tag-actu","10":"tag-actualites","11":"tag-ans","12":"tag-budget","13":"tag-erdre","14":"tag-eu","15":"tag-europe","16":"tag-fr","17":"tag-france","18":"tag-nantes","19":"tag-news","20":"tag-pays-de-la-loire","21":"tag-preparent","22":"tag-rendez-vous","23":"tag-republique-francaise","24":"tag-serre"},"share_on_mastodon":{"url":"https:\/\/pubeurope.com\/@fr\/115731833991392470","error":""},"_links":{"self":[{"href":"https:\/\/www.europesays.com\/fr\/wp-json\/wp\/v2\/posts\/603978","targetHints":{"allow":["GET"]}}],"collection":[{"href":"https:\/\/www.europesays.com\/fr\/wp-json\/wp\/v2\/posts"}],"about":[{"href":"https:\/\/www.europesays.com\/fr\/wp-json\/wp\/v2\/types\/post"}],"author":[{"embeddable":true,"href":"https:\/\/www.europesays.com\/fr\/wp-json\/wp\/v2\/users\/2"}],"replies":[{"embeddable":true,"href":"https:\/\/www.europesays.com\/fr\/wp-json\/wp\/v2\/comments?post=603978"}],"version-history":[{"count":0,"href":"https:\/\/www.europesays.com\/fr\/wp-json\/wp\/v2\/posts\/603978\/revisions"}],"wp:featuredmedia":[{"embeddable":true,"href":"https:\/\/www.europesays.com\/fr\/wp-json\/wp\/v2\/media\/603979"}],"wp:attachment":[{"href":"https:\/\/www.europesays.com\/fr\/wp-json\/wp\/v2\/media?parent=603978"}],"wp:term":[{"taxonomy":"category","embeddable":true,"href":"https:\/\/www.europesays.com\/fr\/wp-json\/wp\/v2\/categories?post=603978"},{"taxonomy":"post_tag","embeddable":true,"href":"https:\/\/www.europesays.com\/fr\/wp-json\/wp\/v2\/tags?post=603978"}],"curies":[{"name":"wp","href":"https:\/\/api.w.org\/{rel}","templated":true}]}}